{"id":7555,"date":"2014-02-20T23:31:22","date_gmt":"2014-02-20T22:31:22","guid":{"rendered":"http:\/\/niecodziennosc.kubic.info\/index.php\/2014\/02\/20\/male-radosci-cd\/"},"modified":"2014-02-20T23:31:22","modified_gmt":"2014-02-20T22:31:22","slug":"male-radosci-cd","status":"publish","type":"post","link":"http:\/\/niecodziennosc.kubic.info\/?p=7555","title":{"rendered":"Ma\u0142e rado\u015bci cd."},"content":{"rendered":"<p>Dosta\u0142em propozycj\u0119 zrobienia fotografii do oprawy graficznej p\u0142yty CD. Styl obraz\u00f3w, jakie mam stworzy\u0107, jest inny, ni\u017c zwykle mi si\u0119 dostaje. Jaka to rado\u015b\u0107 &#8211; by\u0107 wolnym, kombinowa\u0107, poszukiwa\u0107 bez skr\u0119powania. Bez obawy, \u017ce np. modelowi nie spodoba mu si\u0119 jego w\u0142asna twarz. Id\u0119 z aparatem przez miasto i szukam tego, czego nie ma, a co powstaje dopiero po przej\u015bciu przez obiektyw. Fantastyczne i radosne. Wreszcie jaka\u015b tw\u00f3rczo\u015b\u0107, wreszcie odlot.<\/p>\n<p>Np. zdj\u0119cie poni\u017cej. Trzeba tylko mie\u0107 aparat, w kt\u00f3rym mo\u017cna wy\u0142\u0105czy\u0107 autofocus. I potem, w programie, zmieni\u0107 balans bieli, troch\u0119 podci\u0105gn\u0105\u0107 kolory.<\/p>\n<p><img fetchpriority=\"high\" decoding=\"async\" src=\"wp-content\/uploads\/2019\/03\/abs0023.jpg\" alt=\"Okolice Galerii Krakowskiej, fot. Piotr Kubic\" width=\"500\" height=\"333\" \/><\/p>\n<p>\u00a0<\/p>\n<p>Albo to zdj\u0119cie &#8211; jak droga Abrahama do Ziemi Obiecanej.<\/p>\n<p><img decoding=\"async\" src=\"wp-content\/uploads\/2019\/03\/abs0011.jpg\" alt=\"Przy Galerii Krakowskiej, fot. Piotr Kubic\" width=\"500\" height=\"333\" \/><\/p>\n<p>\u00a0<\/p>\n<p>A oto i sam Abraham &#8211; w\u0119druj\u0105cy:<\/p>\n<p><img decoding=\"async\" src=\"wp-content\/uploads\/2019\/03\/_F1A7861.jpg\" alt=\"Andels Hotel, Krak\u00f3w, obok Galerii Krakowskiej, fot. Piotr Kubic\" width=\"500\" height=\"333\" \/><\/p>\n<p>\u00a0<\/p>\n<p>To jego droga przez pustyni\u0119:<\/p>\n<p><img loading=\"lazy\" decoding=\"async\" src=\"wp-content\/uploads\/2019\/03\/_F1A7836.jpg\" alt=\"Pasa\u017c przed Galeri\u0105 Krakowsk\u0105, fot. Piotr Kubic\" width=\"500\" height=\"333\" \/><\/p>\n<p>\u00a0<\/p>\n<p>A oto jego cel w\u0119dr\u00f3wki, jeszcze w wyobra\u017ani, nierealny:<\/p>\n<p><img loading=\"lazy\" decoding=\"async\" src=\"wp-content\/uploads\/2019\/03\/abs0026.jpg\" alt=\"Okolice Politechniki, Krakow, fot. Piotr Kubic\" width=\"500\" height=\"333\" \/><\/p>\n<p>Z tymi obrazami mog\u0119 spokojnie i\u015b\u0107 spa\u0107.<\/p>\n<p>(Wszystkie zdj\u0119cia zosta\u0142y zrobione na zewn\u0105trz Galerii Krakowskiej i w jej okolicy)<\/p>\n","protected":false},"excerpt":{"rendered":"<p>Dosta\u0142em propozycj\u0119 &#8230;<\/p>\n","protected":false},"author":1,"featured_media":0,"comment_status":"open","ping_status":"open","sticky":false,"template":"","format":"standard","meta":{"footnotes":""},"categories":[35],"tags":[877,339,887,70,166],"_links":{"self":[{"href":"http:\/\/niecodziennosc.kubic.info\/index.php?rest_route=\/wp\/v2\/posts\/7555"}],"collection":[{"href":"http:\/\/niecodziennosc.kubic.info\/index.php?rest_route=\/wp\/v2\/posts"}],"about":[{"href":"http:\/\/niecodziennosc.kubic.info\/index.php?rest_route=\/wp\/v2\/types\/post"}],"author":[{"embeddable":true,"href":"http:\/\/niecodziennosc.kubic.info\/index.php?rest_route=\/wp\/v2\/users\/1"}],"replies":[{"embeddable":true,"href":"http:\/\/niecodziennosc.kubic.info\/index.php?rest_route=%2Fwp%2Fv2%2Fcomments&post=7555"}],"version-history":[{"count":0,"href":"http:\/\/niecodziennosc.kubic.info\/index.php?rest_route=\/wp\/v2\/posts\/7555\/revisions"}],"wp:attachment":[{"href":"http:\/\/niecodziennosc.kubic.info\/index.php?rest_route=%2Fwp%2Fv2%2Fmedia&parent=7555"}],"wp:term":[{"taxonomy":"category","embeddable":true,"href":"http:\/\/niecodziennosc.kubic.info\/index.php?rest_route=%2Fwp%2Fv2%2Fcategories&post=7555"},{"taxonomy":"post_tag","embeddable":true,"href":"http:\/\/niecodziennosc.kubic.info\/index.php?rest_route=%2Fwp%2Fv2%2Ftags&post=7555"}],"curies":[{"name":"wp","href":"https:\/\/api.w.org\/{rel}","templated":true}]}}