{"id":7557,"date":"2014-02-16T00:55:08","date_gmt":"2014-02-15T23:55:08","guid":{"rendered":"http:\/\/niecodziennosc.kubic.info\/index.php\/2014\/02\/16\/mijaja-dni\/"},"modified":"2014-02-16T00:55:08","modified_gmt":"2014-02-15T23:55:08","slug":"mijaja-dni","status":"publish","type":"post","link":"http:\/\/niecodziennosc.kubic.info\/?p=7557","title":{"rendered":"Mijaj\u0105 dni"},"content":{"rendered":"<p>Spacer wzd\u0142u\u017c Wis\u0142y w Krakowie. Schodzi mg\u0142a.<\/p>\n<p><img fetchpriority=\"high\" decoding=\"async\" src=\"wp-content\/uploads\/2019\/03\/Krakow0042.jpg\" alt=\"Mg\u0142a nad Wis\u0142\u0105, fot. Piotr Kubic\" width=\"500\" height=\"333\" \/><\/p>\n<p>\u00a0<\/p>\n<p>Spacer wieczorem, do domu, w kt\u00f3rym nocuj\u0119 od tygodnia. Od pi\u0119tnastu lat zmieni\u0142o si\u0119 to, \u017ce na tej ulicy powsta\u0142 warsztat naprawiaj\u0105cy samochody, w tym &#8211; te ma\u0142e, Smarty. Reszta &#8211; bez zmian.<\/p>\n<p><img decoding=\"async\" src=\"wp-content\/uploads\/2019\/03\/ulica0011.jpg\" alt=\"Ulica w Krakowie, noc\u0105. Fot. Piotr Kubic\" width=\"400\" height=\"600\" \/><\/p>\n","protected":false},"excerpt":{"rendered":"<p>Spacer wzd\u0142u\u017c Wis\u0142y w&#8230;<\/p>\n","protected":false},"author":1,"featured_media":0,"comment_status":"open","ping_status":"open","sticky":false,"template":"","format":"standard","meta":{"footnotes":""},"categories":[27],"tags":[339,413,871,269,166],"_links":{"self":[{"href":"http:\/\/niecodziennosc.kubic.info\/index.php?rest_route=\/wp\/v2\/posts\/7557"}],"collection":[{"href":"http:\/\/niecodziennosc.kubic.info\/index.php?rest_route=\/wp\/v2\/posts"}],"about":[{"href":"http:\/\/niecodziennosc.kubic.info\/index.php?rest_route=\/wp\/v2\/types\/post"}],"author":[{"embeddable":true,"href":"http:\/\/niecodziennosc.kubic.info\/index.php?rest_route=\/wp\/v2\/users\/1"}],"replies":[{"embeddable":true,"href":"http:\/\/niecodziennosc.kubic.info\/index.php?rest_route=%2Fwp%2Fv2%2Fcomments&post=7557"}],"version-history":[{"count":0,"href":"http:\/\/niecodziennosc.kubic.info\/index.php?rest_route=\/wp\/v2\/posts\/7557\/revisions"}],"wp:attachment":[{"href":"http:\/\/niecodziennosc.kubic.info\/index.php?rest_route=%2Fwp%2Fv2%2Fmedia&parent=7557"}],"wp:term":[{"taxonomy":"category","embeddable":true,"href":"http:\/\/niecodziennosc.kubic.info\/index.php?rest_route=%2Fwp%2Fv2%2Fcategories&post=7557"},{"taxonomy":"post_tag","embeddable":true,"href":"http:\/\/niecodziennosc.kubic.info\/index.php?rest_route=%2Fwp%2Fv2%2Ftags&post=7557"}],"curies":[{"name":"wp","href":"https:\/\/api.w.org\/{rel}","templated":true}]}}