{"id":7560,"date":"2014-02-12T23:20:37","date_gmt":"2014-02-12T22:20:37","guid":{"rendered":"http:\/\/niecodziennosc.kubic.info\/index.php\/2014\/02\/12\/i-powraca-krakow\/"},"modified":"2014-02-12T23:20:37","modified_gmt":"2014-02-12T22:20:37","slug":"i-powraca-krakow","status":"publish","type":"post","link":"http:\/\/niecodziennosc.kubic.info\/?p=7560","title":{"rendered":"I powraca Krak\u00f3w"},"content":{"rendered":"<p><img fetchpriority=\"high\" decoding=\"async\" src=\"wp-content\/uploads\/2019\/03\/untitled0009.jpg\" alt=\"Autoportret w oknie tramwaju, fot. Piotr Kubic\" width=\"500\" height=\"333\" \/><br \/><span style=\"font-size: x-small;\">Autoportret w oknie tramwaju<\/span><\/p>\n<p>Od poniedzia\u0142ku \u015bpi\u0119 w Krakowie. W tym samym domu i rodzinie, gdzie mieszka\u0142em podczas studi\u00f3w. Tutaj kiedy\u015b pomaga\u0142em budowa\u0107 studio d\u017awi\u0119kowe, tu nagrywali\u015bmy audycje, montowa\u0142em materia\u0142y nagrane gdzie\u015b na mie\u015bcie. Tu zebra\u0142em niezliczon\u0105 ilo\u015b\u0107 wra\u017ce\u0144 i do\u015bwiadcze\u0144. Ten dom by\u0142 centrum \u017cycia du\u017cej grupy ludzi &#8211; mogli tutaj przyj\u015b\u0107 o ka\u017cdej porze dnia i nocy. To cud, \u017ce zdawa\u0142em jakie\u015b egzaminy na studiach, mieszkaj\u0105c w takim centrum \u017cycia towarzyskiego.<\/p>\n<p>Centrum pozosta\u0142o centrum do dzi\u015b. Wracam jednak do niego z innej perspektywy. My\u015bla\u0142em, \u017ce dopadnie mnie nostalgia, i dreptanie tymi samymi \u015bcie\u017ckami wzbudzi we mnie dreszcze. Ale jako\u015b nie. Cho\u0107 zamykam te same drzwi, kt\u00f3re zamyka\u0142em przez sze\u015b\u0107 lat, a by\u0142o to szesna\u015bcie lat temu. Id\u0119 tym samym chodnikiem, przechodz\u0119 obok tego samego sklepu, wsiadam do tramwaju na tym samym przystanku. Po drugiej stronie alei jest poczta, z kt\u00f3rej dzwoni\u0142em do Rumunii, do mojej przysz\u0142ej \u017cony, a kiedy przez pomy\u0142k\u0119 po\u0142\u0105czono mnie do s\u0105siad\u00f3w, \u0142amanym rumu\u0144skim pr\u00f3bowa\u0142em wyt\u0142umaczy\u0107, kim jestem i do kogo dzwoni\u0119.<\/p>\n<p>Tamtych chwil ju\u017c nie ma, ale s\u0105 inne, teraz. Nigdy nie b\u0119dzie tak, jak przedtem. Ale przecie\u017c to, co mam teraz, wzi\u0119\u0142o z tego, co by\u0142o kiedy\u015b. \u017byj\u0105 we mnie wszystkie tamte chwile. Przenikam sob\u0105 te wszystkie lata, tworz\u0119 sum\u0119 mojej historii, czy tego chc\u0119, czy nie. Co z tego wynika&#8230;? Jeszcze nie wiem, ale co\u015b przeczuwam&#8230;<\/p>\n<p>&#65279;<img decoding=\"async\" src=\"wp-content\/uploads\/2019\/03\/untitled0006.jpg\" alt=\"tramwaj noc\u0105, fot. Piotr Kubic\" width=\"400\" height=\"600\" \/><\/p>\n","protected":false},"excerpt":{"rendered":"<p><img ...\n<\/p>\n","protected":false},"author":1,"featured_media":0,"comment_status":"open","ping_status":"open","sticky":false,"template":"","format":"standard","meta":{"footnotes":""},"categories":[50],"tags":[269],"_links":{"self":[{"href":"http:\/\/niecodziennosc.kubic.info\/index.php?rest_route=\/wp\/v2\/posts\/7560"}],"collection":[{"href":"http:\/\/niecodziennosc.kubic.info\/index.php?rest_route=\/wp\/v2\/posts"}],"about":[{"href":"http:\/\/niecodziennosc.kubic.info\/index.php?rest_route=\/wp\/v2\/types\/post"}],"author":[{"embeddable":true,"href":"http:\/\/niecodziennosc.kubic.info\/index.php?rest_route=\/wp\/v2\/users\/1"}],"replies":[{"embeddable":true,"href":"http:\/\/niecodziennosc.kubic.info\/index.php?rest_route=%2Fwp%2Fv2%2Fcomments&post=7560"}],"version-history":[{"count":0,"href":"http:\/\/niecodziennosc.kubic.info\/index.php?rest_route=\/wp\/v2\/posts\/7560\/revisions"}],"wp:attachment":[{"href":"http:\/\/niecodziennosc.kubic.info\/index.php?rest_route=%2Fwp%2Fv2%2Fmedia&parent=7560"}],"wp:term":[{"taxonomy":"category","embeddable":true,"href":"http:\/\/niecodziennosc.kubic.info\/index.php?rest_route=%2Fwp%2Fv2%2Fcategories&post=7560"},{"taxonomy":"post_tag","embeddable":true,"href":"http:\/\/niecodziennosc.kubic.info\/index.php?rest_route=%2Fwp%2Fv2%2Ftags&post=7560"}],"curies":[{"name":"wp","href":"https:\/\/api.w.org\/{rel}","templated":true}]}}