{"id":7563,"date":"2014-02-09T06:20:23","date_gmt":"2014-02-09T05:20:23","guid":{"rendered":"http:\/\/niecodziennosc.kubic.info\/index.php\/2014\/02\/09\/mala-awantura\/"},"modified":"2019-05-05T01:42:12","modified_gmt":"2019-05-04T23:42:12","slug":"mala-awantura","status":"publish","type":"post","link":"http:\/\/niecodziennosc.kubic.info\/?p=7563","title":{"rendered":"Ma\u0142a awantura"},"content":{"rendered":"<p>Dzi\u015b wieczorem przechodzi\u0142em przez Rynek w Krakowie. Us\u0142ysza\u0142em dono\u015bne wrzaski, dochodzi\u0142y od strony ulic \u015bw. Anny i Jagiello\u0144skiej. Poszed\u0142em w tamt\u0105 stron\u0119 my\u015bl\u0105c, \u017ce dzieje si\u0119 co\u015b niezwyk\u0142ego, co warto b\u0119dzie sfotografowa\u0107. To okolice Uniwersytetu Jagiello\u0144skiego, a dalej znajduje si\u0119 Pa\u0144stwowa Wy\u017csza Szko\u0142a Teatralna. Niekoniecznie wi\u0119c mog\u0142a to by\u0107 po prostu awantura na ulicy; pomy\u015bla\u0142em, \u017ce mo\u017ce jaki\u015b performance, studenci \u0107wicz\u0105 spektakl przy otwartym oknie albo co\u015b w tym stylu. Zadziwi\u0142 mnie wyj\u0105tkowo silny g\u0142os, podejrzewa\u0142em nawet, \u017ce to doros\u0142y m\u0119\u017cczyzna. <\/p>\n<p> Moim oczom ukaza\u0142o si\u0119 ma\u0142e dziecko stoj\u0105ce na chodniku. Obok niego kuca\u0142a kobieta, pr\u00f3buj\u0105c dzieciakowi co\u015b t\u0142umaczy\u0107. Dziecko wygl\u0105da\u0142o rzeczywi\u015bcie na dwuletnie i krzycza\u0142o przera\u017aliwym i strasznym g\u0142osem, o kt\u00f3re nigdy bym je nie podejrzewa\u0142 (a mam dwoje starszych dzieci). D\u017awi\u0119k odbija\u0142 si\u0119 od wysokich kamienic Starego Miasta. <\/p>\n<p> Wok\u00f3\u0142 tego miejsca zrobi\u0142o si\u0119 dziwnie pusto. Gdy dochodzi\u0142em, dzieciak zamachn\u0105\u0142 si\u0119 szerokim sierpowym w kierunku matki. Skierowa\u0142em si\u0119 prosto na niego, pomy\u015bla\u0142em, chyba bez sensu, \u017ce mo\u017ce m\u00f3g\u0142bym jako\u015b wesprze\u0107 kobiet\u0119, kt\u00f3ra zacz\u0119\u0142a traci\u0107 cierpliwo\u015b\u0107. Ale w tym momencie pojawi\u0142 si\u0119 m\u0119\u017cczyzna, kt\u00f3ry wysiad\u0142szy z samochodu, wzi\u0105\u0142 dzieciaka, posadzi\u0142 go na tylnym siedzeniu i zamkn\u0105\u0142 drzwi.&#65279;<\/p>\n","protected":false},"excerpt":{"rendered":"<p>Dzi\u015b wieczorem &#8230;<\/p>\n","protected":false},"author":1,"featured_media":0,"comment_status":"open","ping_status":"open","sticky":false,"template":"","format":"standard","meta":{"footnotes":""},"categories":[22,909],"tags":[373,38],"_links":{"self":[{"href":"http:\/\/niecodziennosc.kubic.info\/index.php?rest_route=\/wp\/v2\/posts\/7563"}],"collection":[{"href":"http:\/\/niecodziennosc.kubic.info\/index.php?rest_route=\/wp\/v2\/posts"}],"about":[{"href":"http:\/\/niecodziennosc.kubic.info\/index.php?rest_route=\/wp\/v2\/types\/post"}],"author":[{"embeddable":true,"href":"http:\/\/niecodziennosc.kubic.info\/index.php?rest_route=\/wp\/v2\/users\/1"}],"replies":[{"embeddable":true,"href":"http:\/\/niecodziennosc.kubic.info\/index.php?rest_route=%2Fwp%2Fv2%2Fcomments&post=7563"}],"version-history":[{"count":1,"href":"http:\/\/niecodziennosc.kubic.info\/index.php?rest_route=\/wp\/v2\/posts\/7563\/revisions"}],"predecessor-version":[{"id":8989,"href":"http:\/\/niecodziennosc.kubic.info\/index.php?rest_route=\/wp\/v2\/posts\/7563\/revisions\/8989"}],"wp:attachment":[{"href":"http:\/\/niecodziennosc.kubic.info\/index.php?rest_route=%2Fwp%2Fv2%2Fmedia&parent=7563"}],"wp:term":[{"taxonomy":"category","embeddable":true,"href":"http:\/\/niecodziennosc.kubic.info\/index.php?rest_route=%2Fwp%2Fv2%2Fcategories&post=7563"},{"taxonomy":"post_tag","embeddable":true,"href":"http:\/\/niecodziennosc.kubic.info\/index.php?rest_route=%2Fwp%2Fv2%2Ftags&post=7563"}],"curies":[{"name":"wp","href":"https:\/\/api.w.org\/{rel}","templated":true}]}}