{"id":7567,"date":"2014-01-31T20:54:23","date_gmt":"2014-01-31T19:54:23","guid":{"rendered":"http:\/\/niecodziennosc.kubic.info\/index.php\/2014\/01\/31\/piatek-wieczor\/"},"modified":"2014-01-31T20:54:23","modified_gmt":"2014-01-31T19:54:23","slug":"piatek-wieczor","status":"publish","type":"post","link":"http:\/\/niecodziennosc.kubic.info\/?p=7567","title":{"rendered":"Pi\u0105tek wiecz\u00f3r"},"content":{"rendered":"<p>To by\u0142o ju\u017c&#8230; dawno temu. Od czasu, gdy przenios\u0142em si\u0119 do Krakowa, zacz\u0105\u0142em studia oraz szko\u0142\u0119 muzyczn\u0105 jednocze\u015bnie, a pi\u0105tek wiecz\u00f3r przesta\u0142 by\u0107 tym pi\u0105tkowym wieczorem, kt\u00f3ry by\u0142 do tamtej pory. W\u0142a\u015bnie w pi\u0105tek wieczorem by\u0142y jeszcze wolne godziny \u0107wicze\u0144 na organach, w szkole. Podobnie jak w sobot\u0119 rano. W sobot\u0119 zreszt\u0105 czasem szed\u0142em do Pijar\u00f3w, pogra\u0107 w ko\u015bciele. Op\u0142aca\u0142o si\u0119 wi\u0119c pozosta\u0107 w Krakowie, zamiast jecha\u0107 do domu, i po\u0107wiczy\u0107.<\/p>\n<p>Potem szybko ko\u0144czy\u0142a si\u0119 sobota i zastanawia\u0142em si\u0119, czy warto jecha\u0107 do domu tylko na niedziel\u0119. No i nie jecha\u0142em. W poniedzia\u0142ek od rana zaczyna\u0142a si\u0119 gonitwa, w kt\u00f3rej, pewnego roku, nie uda\u0142o si\u0119 ustawi\u0107 wszystkich zaj\u0119\u0107 &#8211; w czasie od poniedzia\u0142ku do pi\u0105tku, w godzinach od 8 rano do 9 wieczorem. Zastanawiam si\u0119 teraz, jak to mo\u017cliwe, \u017ce zdawa\u0142em z klasy do klasy, \u0107wicz\u0105c na instrumencie tak niewiele. Zreszt\u0105 po pierwszym roku, przera\u017cony liczb\u0105 ty\u0142\u00f3w, zostawi\u0142em studia, \u017ceby zacz\u0105\u0107 je potem dwa lata p\u00f3\u017aniej.<\/p>\n<p>Tak wi\u0119c spokojny wiecz\u00f3r, p\u00f3\u0142godzinna k\u0105piel, przesiadywanie do p\u00f3\u017ana znikn\u0119\u0142y z mojego \u017cycia. Nie od razu to zauwa\u017cy\u0142em, tyle by\u0142o innej pracy. To si\u0119 sta\u0142o niejako samo, bo tak trzeba by\u0142o. Ale wreszcie poczu\u0142em strat\u0119.\u00a0<\/p>\n<p>Przez kilka lat \u017cy\u0142em my\u015bl\u0105, \u017ce to tylko tak na chwil\u0119 &#8211; \u017cycie w takim tempie i w ci\u0105g\u0142ym strachu, \u017ce nigdy nie nie nad\u0105\u017cam. A \u017cycie w \u017celaznym harmonogramie by\u0142o nie dla mnie, zrozumia\u0142em to wiele lat p\u00f3\u017aniej. Bo na przek\u00f3r, zamiast robi\u0107 to, <em>co nale\u017cy<\/em>, zajmowa\u0142em si\u0119 z wi\u0119ksz\u0105 pasj\u0105 sprawami, kt\u00f3rych nie musia\u0142em robi\u0107. Zaj\u0119cia jazzowe, tworzenie audycji radiowych, organizowanie comiesi\u0119cznych spotka\u0144 ludzi z po\u0142udnia Polski.\u00a0<\/p>\n<p>Zasypiaj\u0105c wieczorem prosi\u0142em o jaki\u015b sen. Moja wolno\u015b\u0107 by\u0142a w tych snach, tam mog\u0142em robi\u0107, co chcia\u0142em, by\u0142em wolny. I my\u015bla\u0142em, \u017ce to tylko tak na chwil\u0119, na par\u0119 lat, byle doci\u0105gn\u0105\u0107 do ko\u0144ca.<\/p>\n<p>Ale w taki styl \u017cycia si\u0119 wrasta. Potem nie mo\u017cna tak \u0142atwo przerwa\u0107. Przestaje si\u0119 by\u0107 ze sob\u0105 i z lud\u017ami. Nie umie si\u0119 \u017cy\u0107 inaczej. Ciekawe, \u017ce odpoczynku, luzu, trzeba si\u0119 uczy\u0107, one nie przyjd\u0105 same.<\/p>\n<p>Dzi\u015b wracam do tych pi\u0105tkowych wieczor\u00f3w, sprzed dwudziestu pi\u0119ciu lat. No i fajnie jest. <\/p>\n","protected":false},"excerpt":{"rendered":"<p>To by\u0142o ju\u017c&#8230; dawno &#8230;<\/p>\n","protected":false},"author":1,"featured_media":0,"comment_status":"open","ping_status":"open","sticky":false,"template":"","format":"standard","meta":{"footnotes":""},"categories":[27],"tags":[528,269],"_links":{"self":[{"href":"http:\/\/niecodziennosc.kubic.info\/index.php?rest_route=\/wp\/v2\/posts\/7567"}],"collection":[{"href":"http:\/\/niecodziennosc.kubic.info\/index.php?rest_route=\/wp\/v2\/posts"}],"about":[{"href":"http:\/\/niecodziennosc.kubic.info\/index.php?rest_route=\/wp\/v2\/types\/post"}],"author":[{"embeddable":true,"href":"http:\/\/niecodziennosc.kubic.info\/index.php?rest_route=\/wp\/v2\/users\/1"}],"replies":[{"embeddable":true,"href":"http:\/\/niecodziennosc.kubic.info\/index.php?rest_route=%2Fwp%2Fv2%2Fcomments&post=7567"}],"version-history":[{"count":0,"href":"http:\/\/niecodziennosc.kubic.info\/index.php?rest_route=\/wp\/v2\/posts\/7567\/revisions"}],"wp:attachment":[{"href":"http:\/\/niecodziennosc.kubic.info\/index.php?rest_route=%2Fwp%2Fv2%2Fmedia&parent=7567"}],"wp:term":[{"taxonomy":"category","embeddable":true,"href":"http:\/\/niecodziennosc.kubic.info\/index.php?rest_route=%2Fwp%2Fv2%2Fcategories&post=7567"},{"taxonomy":"post_tag","embeddable":true,"href":"http:\/\/niecodziennosc.kubic.info\/index.php?rest_route=%2Fwp%2Fv2%2Ftags&post=7567"}],"curies":[{"name":"wp","href":"https:\/\/api.w.org\/{rel}","templated":true}]}}