{"id":7572,"date":"2014-01-10T22:42:34","date_gmt":"2014-01-10T21:42:34","guid":{"rendered":"http:\/\/niecodziennosc.kubic.info\/index.php\/2014\/01\/10\/glaskanie-na-dobranoc\/"},"modified":"2019-05-05T01:42:12","modified_gmt":"2019-05-04T23:42:12","slug":"glaskanie-na-dobranoc","status":"publish","type":"post","link":"http:\/\/niecodziennosc.kubic.info\/?p=7572","title":{"rendered":"G\u0142askanie na dobranoc"},"content":{"rendered":"<p>Dzieci usypiaj\u0105, a ja je g\u0142aszcz\u0119. G\u0142aszcz\u0119 po czym mog\u0119, co wystaje poza ko\u0142dr\u0119 &#8211; po czole, policzkach, po ramieniu. Chwytam za d\u0142o\u0144. Pami\u0119tam, tak g\u0142aska\u0142a mnie mama. A mam\u0119 g\u0142aska\u0142a pewnie jej mama. Czy tata g\u0142aska\u0142, raczej nie s\u0105dz\u0119.<\/p>\n<p>G\u0142askanie na dobranoc ma w naszej rodzinie tradycj\u0119. G\u0142aszczemy i ju\u017c. C\u00f3rka przyj\u0119\u0142a to od razu ze zrozumieniem. Syn nie bardzo lubi\u0142, kiedy go g\u0142aska\u0142 ojciec, czyli ja. Ale nie mia\u0142 nic przeciwko temu, \u017ceby g\u0142aska\u0142a go mama. Lecz w ko\u0144cu i do g\u0142askania ojca si\u0119 przyzwyczai\u0142, cho\u0107 przez pewien czas zachowywa\u0142 si\u0119 tak, jakby nie chcia\u0142 by\u0107 g\u0142askany, ale jednak chcia\u0142. W sumie nie mia\u0142 innego wyj\u015bcia, jak si\u0119 przyzwyczai\u0107, a nawet polubi\u0107. Tradycja to tradycja, u nas w rodzinie si\u0119 g\u0142aszcze.<\/p>\n<p>Teraz, po latach przyzwyczajania, dzieci akceptuj\u0105 g\u0142askanie. Pierwszy usypia syn, to jego r\u00f3wny i zdecydowany oddech rozlega si\u0119 w pokoju dzieci. A mimo tego, \u017ce ju\u017c \u015bpi, jego d\u0142o\u0144 delikatnie odpowiada na g\u0142askanie i zaciska si\u0119 nawet na d\u0142oni rodzica.<\/p>\n<p>C\u00f3rka usypia trudniej. Nie wiadomo do ko\u0144ca, czy g\u0142askanie jej pomaga czy przeszkadza. Ale g\u0142askana &#8211; tuli si\u0119, podnosi do g\u00f3ry barki, rozci\u0105ga usta w szerokim u\u015bmiechu i roziskrza oczy. Rzeczywi\u015bcie, to nie musi pomaga\u0107 w zasypianiu.<\/p>\n<p>Wreszcie \u015bpi\u0105 oboje. Mog\u0119 ju\u017c nie g\u0142aska\u0107, ale jeszcze przesuwam d\u0142oni\u0105 &#8211; na ich g\u0142owach wyczuwam w\u0142osy, na d\u0142oniach wyczuwam r\u00f3\u017cnice sk\u00f3ry &#8211; ch\u0142opak ma delikatniejsz\u0105, a c\u00f3rka twardsz\u0105. No dobrze, obowi\u0105zek spe\u0142niony. Ko\u0144cz\u0119 g\u0142askanie na dzisiaj, wychodz\u0119 i przymykam drzwi.<\/p>\n","protected":false},"excerpt":{"rendered":"<p>Dzieci usypiaj\u0105, a ja&#8230;<\/p>\n","protected":false},"author":1,"featured_media":0,"comment_status":"open","ping_status":"open","sticky":false,"template":"","format":"standard","meta":{"footnotes":""},"categories":[118,909],"tags":[373,435,38],"_links":{"self":[{"href":"http:\/\/niecodziennosc.kubic.info\/index.php?rest_route=\/wp\/v2\/posts\/7572"}],"collection":[{"href":"http:\/\/niecodziennosc.kubic.info\/index.php?rest_route=\/wp\/v2\/posts"}],"about":[{"href":"http:\/\/niecodziennosc.kubic.info\/index.php?rest_route=\/wp\/v2\/types\/post"}],"author":[{"embeddable":true,"href":"http:\/\/niecodziennosc.kubic.info\/index.php?rest_route=\/wp\/v2\/users\/1"}],"replies":[{"embeddable":true,"href":"http:\/\/niecodziennosc.kubic.info\/index.php?rest_route=%2Fwp%2Fv2%2Fcomments&post=7572"}],"version-history":[{"count":1,"href":"http:\/\/niecodziennosc.kubic.info\/index.php?rest_route=\/wp\/v2\/posts\/7572\/revisions"}],"predecessor-version":[{"id":8991,"href":"http:\/\/niecodziennosc.kubic.info\/index.php?rest_route=\/wp\/v2\/posts\/7572\/revisions\/8991"}],"wp:attachment":[{"href":"http:\/\/niecodziennosc.kubic.info\/index.php?rest_route=%2Fwp%2Fv2%2Fmedia&parent=7572"}],"wp:term":[{"taxonomy":"category","embeddable":true,"href":"http:\/\/niecodziennosc.kubic.info\/index.php?rest_route=%2Fwp%2Fv2%2Fcategories&post=7572"},{"taxonomy":"post_tag","embeddable":true,"href":"http:\/\/niecodziennosc.kubic.info\/index.php?rest_route=%2Fwp%2Fv2%2Ftags&post=7572"}],"curies":[{"name":"wp","href":"https:\/\/api.w.org\/{rel}","templated":true}]}}