{"id":7590,"date":"2013-11-17T01:07:42","date_gmt":"2013-11-17T00:07:42","guid":{"rendered":"http:\/\/niecodziennosc.kubic.info\/index.php\/2013\/11\/17\/wspomnienie\/"},"modified":"2013-11-17T01:07:42","modified_gmt":"2013-11-17T00:07:42","slug":"wspomnienie","status":"publish","type":"post","link":"http:\/\/niecodziennosc.kubic.info\/?p=7590","title":{"rendered":"Wspomnienie"},"content":{"rendered":"<p>Z pracy do domu, o p\u00f3\u0142nocy. Ch\u0142odne powietrze wyczekuje \u015bniegu. Tylko patrze\u0107. Op\u0142ywa samoch\u00f3d z innym d\u017awi\u0119kiem. Inaczej niesie odg\u0142os krok\u00f3w &#8211; tych samych, na tej samej ulicy.<\/p>\n<p>Gdy zgasn\u0105 \u015bwiat\u0142a w gara\u017cu i ucichnie motor, trzeba zamkn\u0105\u0107 bram\u0119. I dotkni\u0119cia podeszwami zwyk\u0142ej ziemi te\u017c inaczej s\u0142ycha\u0107, twardo, sucho. Na rogu domu jest pokruszony zakr\u0119t chodnika. Naje\u017cd\u017caj\u0105 na niego opony samochod\u00f3w. By\u0142 pokruszony i trzydzie\u015bci lat temu, cho\u0107 nie ten sam. Z tego zakr\u0119tu wypada\u0142y dzieci na rowerach, wcze\u015bniej bra\u0142y rozp\u0119d wzd\u0142u\u017c chodnika. Potem hamowa\u0142y na \u015brodku podw\u00f3rka, latem, wzniecaj\u0105c ob\u0142oki kurzu. Z okna kuchni wo\u0142a\u0142a babcia, chyba szuka\u0142a argumentu przeciw, i znalaz\u0142a, \u017ce wywieszone pranie si\u0119 zakurzy.<\/p>\n<p>\u017by\u0107 w tym samym miejscu, w kt\u00f3rym si\u0119 dorasta\u0142o. Zna\u0142o ka\u017cdy kamie\u0144, omija\u0142o dzieci\u0119cym rowerkiem dziury po ka\u0142u\u017cach i wystaj\u0105ce kamienie. S\u0142ysze\u0107 g\u0142os babci nawet teraz, po p\u00f3\u0142nocy, jakby nad podw\u00f3rkiem ci\u0105gle \u015bwieci\u0142o tamto s\u0142o\u0144ce, a ona dosypywa\u0142a \u0142opatk\u0105 w\u0119gla pod podkow\u0119, w kaflowym, kuchennym piecu.<\/p>\n<p>To mo\u017ce bole\u0107, ale jeszcze nie najmocniej. Mocniejsze jest deja vu, gdy syn wsiada na rower, a ojciec widzi siebie, \u015bciskaj\u0105cego r\u0105czkami ma\u0142\u0105 kierownic\u0119. I ju\u017c chcia\u0142by wo\u0142a\u0107 &#8222;babciu, babciu&#8221;, ale g\u0142os grz\u0119\u017anie mu w gardle, bo to przecie\u017c nie ma sensu.<\/p>\n","protected":false},"excerpt":{"rendered":"<p>Z pracy do domu, o &#8230;<\/p>\n","protected":false},"author":1,"featured_media":0,"comment_status":"open","ping_status":"open","sticky":false,"template":"","format":"standard","meta":{"footnotes":""},"categories":[27],"tags":[324,373,352],"_links":{"self":[{"href":"http:\/\/niecodziennosc.kubic.info\/index.php?rest_route=\/wp\/v2\/posts\/7590"}],"collection":[{"href":"http:\/\/niecodziennosc.kubic.info\/index.php?rest_route=\/wp\/v2\/posts"}],"about":[{"href":"http:\/\/niecodziennosc.kubic.info\/index.php?rest_route=\/wp\/v2\/types\/post"}],"author":[{"embeddable":true,"href":"http:\/\/niecodziennosc.kubic.info\/index.php?rest_route=\/wp\/v2\/users\/1"}],"replies":[{"embeddable":true,"href":"http:\/\/niecodziennosc.kubic.info\/index.php?rest_route=%2Fwp%2Fv2%2Fcomments&post=7590"}],"version-history":[{"count":0,"href":"http:\/\/niecodziennosc.kubic.info\/index.php?rest_route=\/wp\/v2\/posts\/7590\/revisions"}],"wp:attachment":[{"href":"http:\/\/niecodziennosc.kubic.info\/index.php?rest_route=%2Fwp%2Fv2%2Fmedia&parent=7590"}],"wp:term":[{"taxonomy":"category","embeddable":true,"href":"http:\/\/niecodziennosc.kubic.info\/index.php?rest_route=%2Fwp%2Fv2%2Fcategories&post=7590"},{"taxonomy":"post_tag","embeddable":true,"href":"http:\/\/niecodziennosc.kubic.info\/index.php?rest_route=%2Fwp%2Fv2%2Ftags&post=7590"}],"curies":[{"name":"wp","href":"https:\/\/api.w.org\/{rel}","templated":true}]}}