{"id":7591,"date":"2013-11-08T22:47:44","date_gmt":"2013-11-08T21:47:44","guid":{"rendered":"http:\/\/niecodziennosc.kubic.info\/index.php\/2013\/11\/08\/boli\/"},"modified":"2013-11-08T22:47:44","modified_gmt":"2013-11-08T21:47:44","slug":"boli","status":"publish","type":"post","link":"http:\/\/niecodziennosc.kubic.info\/?p=7591","title":{"rendered":"Boli"},"content":{"rendered":"<p>Od kilku tygodni walcz\u0119 z b\u00f3lem kr\u0119gos\u0142upa, a od tygodnia &#8211; z b\u00f3lem nie na \u017carty. Walka ta sta\u0142a si\u0119 tematem nr 1 w moim \u017cyciu &#8211; unikanie b\u00f3lu, oczekiwanie na b\u00f3l, nadzieja, \u017ce b\u0119dzie bola\u0142o coraz mniej, radzenie sobie z rozczarowaniem i panik\u0105, \u017ce wcale mniej nie boli. Chwilowe zdziwienia, \u017ce nie boli tak bardzo, jak si\u0119 spodziewa\u0142em. Pr\u00f3by poszukiwa\u0144, kojarzenie fakt\u00f3w &#8211; kiedy boli bardziej, a kiedy mniej i od czego mo\u017ce to zale\u017ce\u0107?<\/p>\n<p>Panika, gdy w nocy nie mo\u017cna przewr\u00f3ci\u0107 si\u0119 z boku na bok, albo gdy trzeba i\u015b\u0107 do ubikacji, ale nie mo\u017cna wsta\u0107. Zmagaj\u0105 si\u0119 wtedy ze sob\u0105 dwa b\u00f3le &#8211; jeden z odcinka l\u0119d\u017awiowego, a drugi od p\u0119cherza. I teraz si\u0142\u0105 woli trzeba zablokowa\u0107 oba, a ju\u017c na pewno ten pierwszy, \u017ceby b\u00f3l, kt\u00f3ry si\u0119 pojawi, nie podci\u0105\u0142 n\u00f3g, i wstaj\u0105c &#8211; osi\u0105gn\u0105\u0107 ten moment, kiedy boli na tyle mniej, \u017ceby zacz\u0105\u0107 i\u015b\u0107. Ale przecie\u017c mo\u017cna i\u015b\u0107 na czworakach, ale tak wyginaj\u0105c grzbiet, \u017ceby nie bola\u0142o, natomiast przy samym kozecie trzeba si\u0119 jednak d\u017awign\u0105\u0107, ale jest ju\u017c tak blisko, \u017ce cho\u0107by byle rzutem na ta\u015bm\u0119, ale musi si\u0119 uda\u0107.<\/p>\n<p>Zaw\u0119\u017ca si\u0119 \u015bwiadomo\u015b\u0107. Cz\u0142owiek, kt\u00f3ry kiedy\u015b my\u015bla\u0142 o gwiazdach i impresjonistach, teraz odkrywa tylko jedn\u0105 potrzeb\u0119. Nie, to nie jest jakie\u015b straszne. Tak po prostu jest. I wtedy ju\u017c si\u0119 nie jest pewnym, co wa\u017cniejsze &#8211; czy napisanie kolejnego, g\u00f3rnolotnego tekstu, czy pi\u0119\u0107 minut w znalezionej przypadkowo pozycji, kiedy nie boli.<\/p>\n<p>No dobrze, od dw\u00f3ch dni boli mniej. Zn\u00f3w wi\u0119c od\u017cywa nadzieja. Zel\u017ca\u0142o dzi\u0119ki Radkowi, kt\u00f3ry po raz kolejny mnie przyj\u0105\u0142 i okazuje mi swoj\u0105 cierpliwo\u015b\u0107, szarpi\u0105c go\u0142ymi d\u0142o\u0144mi moje cia\u0142o. Zreszt\u0105 Radek, podejrzewam, a nawet prawie wiem, upatruje \u017ar\u00f3de\u0142 mojego b\u00f3lu w nadpobudliwej psychice. Nie powie, \u017ce hipochondrii. A jak jest naprawd\u0119 &#8211; kto wie? Ja na pewno nie.<\/p>\n","protected":false},"excerpt":{"rendered":"<p>Od kilku tygodni &#8230;<\/p>\n","protected":false},"author":1,"featured_media":0,"comment_status":"open","ping_status":"open","sticky":false,"template":"","format":"standard","meta":{"footnotes":""},"categories":[27],"tags":[34,866],"_links":{"self":[{"href":"http:\/\/niecodziennosc.kubic.info\/index.php?rest_route=\/wp\/v2\/posts\/7591"}],"collection":[{"href":"http:\/\/niecodziennosc.kubic.info\/index.php?rest_route=\/wp\/v2\/posts"}],"about":[{"href":"http:\/\/niecodziennosc.kubic.info\/index.php?rest_route=\/wp\/v2\/types\/post"}],"author":[{"embeddable":true,"href":"http:\/\/niecodziennosc.kubic.info\/index.php?rest_route=\/wp\/v2\/users\/1"}],"replies":[{"embeddable":true,"href":"http:\/\/niecodziennosc.kubic.info\/index.php?rest_route=%2Fwp%2Fv2%2Fcomments&post=7591"}],"version-history":[{"count":0,"href":"http:\/\/niecodziennosc.kubic.info\/index.php?rest_route=\/wp\/v2\/posts\/7591\/revisions"}],"wp:attachment":[{"href":"http:\/\/niecodziennosc.kubic.info\/index.php?rest_route=%2Fwp%2Fv2%2Fmedia&parent=7591"}],"wp:term":[{"taxonomy":"category","embeddable":true,"href":"http:\/\/niecodziennosc.kubic.info\/index.php?rest_route=%2Fwp%2Fv2%2Fcategories&post=7591"},{"taxonomy":"post_tag","embeddable":true,"href":"http:\/\/niecodziennosc.kubic.info\/index.php?rest_route=%2Fwp%2Fv2%2Ftags&post=7591"}],"curies":[{"name":"wp","href":"https:\/\/api.w.org\/{rel}","templated":true}]}}