{"id":7593,"date":"2013-10-29T23:48:00","date_gmt":"2013-10-29T22:48:00","guid":{"rendered":"http:\/\/niecodziennosc.kubic.info\/index.php\/2013\/10\/29\/sensie-dobranoc\/"},"modified":"2013-10-29T23:48:00","modified_gmt":"2013-10-29T22:48:00","slug":"sensie-dobranoc","status":"publish","type":"post","link":"http:\/\/niecodziennosc.kubic.info\/?p=7593","title":{"rendered":"Sensie, dobranoc"},"content":{"rendered":"<p>Niekiedy mam tak\u0105 ochot\u0119 uciec od zorganizowania tego \u015bwiata. Powiedzie\u0107 &#8211; nie! Jak m\u00f3j pi\u0119cioletni syn. Przeszkadza mi to, \u017ce zdania nale\u017cy budowa\u0107 tak, a nie inaczej. \u017be zdj\u0119cia robi si\u0119 wed\u0142ug okre\u015blonych konwencji. Problem pojawia si\u0119 nawet wtedy, gdy chce si\u0119 zaprzeczy\u0107 konwencjom. Bo zaprzeczanie te\u017c ju\u017c by\u0142o. Dlatego jedynym ratunkiem wydaje si\u0119 jeszcze powierzenie si\u0119&#8230; przypadkowo\u015bci.<\/p>\n<p>I pojawia si\u0119 we mnie dziwny up\u00f3r, kiedy w g\u0142owie formu\u0142uj\u0119 zdanie, kt\u00f3re ma lekki b\u0142\u0105d sk\u0142adniowy, logiczny, a najlepiej &#8211; nie\u015bcis\u0142o\u015b\u0107. I co\u015b m\u00f3wi mi, \u017ce nale\u017ca\u0142oby j\u0105 poprawi\u0107, ale z drugiej strony odzywa si\u0119 g\u0142os &#8211; nie! Tak zostanie. Dlaczego? Dlatego, \u017ce ja tak chc\u0119, wyzwoli\u0107 si\u0119, zaprzeczy\u0107 regu\u0142om.<\/p>\n<p>Ju\u017c s\u0142ysz\u0119 g\u0142os mojej kole\u017canki z pracy &#8211; ale tak si\u0119 nie pisze pod \u017cadnym pozorem. A co mnie to obchodzi, \u017ce &#8222;tak si\u0119 nie pisze&#8221;? Skoro ja napisa\u0142em, to ju\u017c wystarczaj\u0105cy pow\u00f3d, \u017ce tak si\u0119 pisze!<\/p>\n<p>Mo\u017ce to po prostu zm\u0119czenie.<\/p>\n<p><img fetchpriority=\"high\" decoding=\"async\" title=\"Dziecko spacer park zabawa \" src=\"wp-content\/uploads\/2019\/03\/spacer0015.jpg\" alt=\"Dziecko spacer park zabawa nuda\" width=\"500\" height=\"750\" \/><\/p>\n<p>Napisa\u0107 co\u015b, stworzy\u0107 co\u015b, w czym inni b\u0119d\u0105 si\u0119 dopatrywa\u0107 sensu, bo &#8222;dzie\u0142o&#8221; owo b\u0119dzie sprawia\u0142o wra\u017cenie sensownego. Ale \u00f3w sens konsekwentnie i bezlito\u015bnie w nim zagubi\u0107. I im d\u0142u\u017cej by kto\u015b je studiowa\u0142, tym wi\u0119ksze ogarnia\u0142oby go zdziwienie i niepewno\u015b\u0107 &#8211; co to jest i do czego s\u0142u\u017cy. To musia\u0142by by\u0107 jednak majstersztyk &#8211; bo nie\u0142atwo by\u0142oby pozbawi\u0107 dzie\u0142o wszelkiego sensu, tak mi si\u0119 wydaje. Przy jednoczesnym sprawianiu wra\u017cenia, \u017ce jaki\u015b tam sens jednak jest. Ciekawe, jak bardzo jeste\u015bmy zwi\u0105zani z sensem &#8211; z jego poszukiwaniem, a w przypadku braku &#8211; ze stwarzaniem sensu.<\/p>\n","protected":false},"excerpt":{"rendered":"<p>Niekiedy mam tak\u0105 &#8230;<\/p>\n","protected":false},"author":1,"featured_media":0,"comment_status":"open","ping_status":"open","sticky":false,"template":"","format":"standard","meta":{"footnotes":""},"categories":[18],"tags":[112,70],"_links":{"self":[{"href":"http:\/\/niecodziennosc.kubic.info\/index.php?rest_route=\/wp\/v2\/posts\/7593"}],"collection":[{"href":"http:\/\/niecodziennosc.kubic.info\/index.php?rest_route=\/wp\/v2\/posts"}],"about":[{"href":"http:\/\/niecodziennosc.kubic.info\/index.php?rest_route=\/wp\/v2\/types\/post"}],"author":[{"embeddable":true,"href":"http:\/\/niecodziennosc.kubic.info\/index.php?rest_route=\/wp\/v2\/users\/1"}],"replies":[{"embeddable":true,"href":"http:\/\/niecodziennosc.kubic.info\/index.php?rest_route=%2Fwp%2Fv2%2Fcomments&post=7593"}],"version-history":[{"count":0,"href":"http:\/\/niecodziennosc.kubic.info\/index.php?rest_route=\/wp\/v2\/posts\/7593\/revisions"}],"wp:attachment":[{"href":"http:\/\/niecodziennosc.kubic.info\/index.php?rest_route=%2Fwp%2Fv2%2Fmedia&parent=7593"}],"wp:term":[{"taxonomy":"category","embeddable":true,"href":"http:\/\/niecodziennosc.kubic.info\/index.php?rest_route=%2Fwp%2Fv2%2Fcategories&post=7593"},{"taxonomy":"post_tag","embeddable":true,"href":"http:\/\/niecodziennosc.kubic.info\/index.php?rest_route=%2Fwp%2Fv2%2Ftags&post=7593"}],"curies":[{"name":"wp","href":"https:\/\/api.w.org\/{rel}","templated":true}]}}