{"id":7596,"date":"2013-10-23T10:07:27","date_gmt":"2013-10-23T08:07:27","guid":{"rendered":"http:\/\/niecodziennosc.kubic.info\/index.php\/2013\/10\/23\/ona-ciagle-zyje\/"},"modified":"2019-05-05T01:42:13","modified_gmt":"2019-05-04T23:42:13","slug":"ona-ciagle-zyje","status":"publish","type":"post","link":"http:\/\/niecodziennosc.kubic.info\/?p=7596","title":{"rendered":"Ona ci\u0105gle \u017cyje"},"content":{"rendered":"<p>W\u0142a\u015bnie zda\u0142em sobie spraw\u0119, \u017ce Maria Lech, jedna z moich pierwszych nauczycielek, w dodatku &#8211; nauczycielka muzyki &#8211; musi ju\u017c nie \u017cy\u0107. Zaskoczy\u0142a mnie ta my\u015bl, bo w mojej pami\u0119ci ona ci\u0105gle \u017cyje. Pozosta\u0142a tak\u0105, jak\u0105 j\u0105 pami\u0119tam ze szko\u0142y, gdy j\u0105 ko\u0144czy\u0142em, maj\u0105c czterna\u015bcie lat.<\/p>\n<p>Na lekcjach rytmiki by\u0142o mi z ni\u0105 bardzo dobrze, mo\u017ce te\u017c dlatego, \u017ce w naszej ma\u0142ej szk\u00f3\u0142ce, dyktanda ze s\u0142uchu zwykle pisa\u0142em bezb\u0142\u0119dnie. Kiedy zorientowa\u0142a si\u0119, \u017ce umiem gra\u0107 wymy\u015blane na poczekaniu motywy, pozwala\u0142a mi akompaniowa\u0107, podczas gdy inne dzieci mia\u0142y \u0107wiczenia ruchowe.<\/p>\n<p>Pami\u0119tam, jak wydobywa\u0142a ze mnie to, co umiem, zostawa\u0142em z ni\u0105 po lekcji, przynosi\u0142em nuty z muzyk\u0105 z filmu &#8222;Akademia Pana Kleksa&#8221; i gra\u0142em przed ni\u0105. A raz, na lekcji, gdy kole\u017cance ust\u0105pi\u0142em miejsca, przerwa\u0142a zaj\u0119cia i pokaza\u0142a to innym dzieciom. G\u0142upio si\u0119 wtedy czu\u0142em, ale dzi\u015b &#8211; wspominam to i ciesz\u0119 si\u0119 z tego, \u017ce zauwa\u017cy\u0142a, \u017ce dziecko zrobi\u0142o co\u015b dobrego. Postanowi\u0142em, \u017ce na zaj\u0119ciach, kt\u00f3re ja czasem prowadz\u0119, b\u0119d\u0119 robi\u0142 tak samo.&#65279;<\/p>\n<p>Dzi\u015b, w mojej g\u0142owie, odby\u0142 si\u0119 jej pogrzeb. A mo\u017ce niepotrzebnie. By\u0142oby lepiej, gdybym o tym nie pomy\u015bla\u0142. Mo\u017ce w\u0142a\u015bnie dlatego chodzenie na pogrzeby to nie musi by\u0107 \u015bwietny pomys\u0142. A mo\u017ce wr\u0119cz przeciwnie &#8211; obecno\u015b\u0107 na pogrzebie to wyraz odwagi, bo mimo tego, \u017ce stwierdzamy niezbicie, \u017ce kogo\u015b ju\u017c nie ma, to tym bardziej postanawiamy, \u017ce podtrzymamy jego \u017cycie w naszej pami\u0119ci.<\/p>\n","protected":false},"excerpt":{"rendered":"<p>W\u0142a\u015bnie zda\u0142em sobie &#8230;<\/p>\n","protected":false},"author":1,"featured_media":0,"comment_status":"open","ping_status":"open","sticky":false,"template":"","format":"standard","meta":{"footnotes":""},"categories":[50,909],"tags":[38,186],"_links":{"self":[{"href":"http:\/\/niecodziennosc.kubic.info\/index.php?rest_route=\/wp\/v2\/posts\/7596"}],"collection":[{"href":"http:\/\/niecodziennosc.kubic.info\/index.php?rest_route=\/wp\/v2\/posts"}],"about":[{"href":"http:\/\/niecodziennosc.kubic.info\/index.php?rest_route=\/wp\/v2\/types\/post"}],"author":[{"embeddable":true,"href":"http:\/\/niecodziennosc.kubic.info\/index.php?rest_route=\/wp\/v2\/users\/1"}],"replies":[{"embeddable":true,"href":"http:\/\/niecodziennosc.kubic.info\/index.php?rest_route=%2Fwp%2Fv2%2Fcomments&post=7596"}],"version-history":[{"count":1,"href":"http:\/\/niecodziennosc.kubic.info\/index.php?rest_route=\/wp\/v2\/posts\/7596\/revisions"}],"predecessor-version":[{"id":9000,"href":"http:\/\/niecodziennosc.kubic.info\/index.php?rest_route=\/wp\/v2\/posts\/7596\/revisions\/9000"}],"wp:attachment":[{"href":"http:\/\/niecodziennosc.kubic.info\/index.php?rest_route=%2Fwp%2Fv2%2Fmedia&parent=7596"}],"wp:term":[{"taxonomy":"category","embeddable":true,"href":"http:\/\/niecodziennosc.kubic.info\/index.php?rest_route=%2Fwp%2Fv2%2Fcategories&post=7596"},{"taxonomy":"post_tag","embeddable":true,"href":"http:\/\/niecodziennosc.kubic.info\/index.php?rest_route=%2Fwp%2Fv2%2Ftags&post=7596"}],"curies":[{"name":"wp","href":"https:\/\/api.w.org\/{rel}","templated":true}]}}