{"id":7612,"date":"2013-09-16T07:44:29","date_gmt":"2013-09-16T05:44:29","guid":{"rendered":"http:\/\/niecodziennosc.kubic.info\/index.php\/2013\/09\/16\/czajnik-szara-jesienia\/"},"modified":"2013-09-16T07:44:29","modified_gmt":"2013-09-16T05:44:29","slug":"czajnik-szara-jesienia","status":"publish","type":"post","link":"http:\/\/niecodziennosc.kubic.info\/?p=7612","title":{"rendered":"Czajnik szar\u0105 jesieni\u0105"},"content":{"rendered":"<p>Startuje kolejny tydzie\u0144. Za oknem mlaskaj\u0105 opony pod zwa\u0142em chmur, tak bezkszta\u0142tnych, \u017ce a\u017c&#8230; Znaczy &#8211; pada\u0142o w nocy i bardzo mo\u017cliwe, \u017ce b\u0119dzie zaraz pada\u0107. Czajnik gwi\u017cd\u017ce, kto\u015b powinien wy\u0142\u0105czy\u0107 gaz i zala\u0107 herbat\u0119. Kto\u015b, kogo si\u0119 oderwie od g\u0142upich, codziennych, bezsensownych zaj\u0119\u0107 jak golenie si\u0119, zak\u0142adanie koszulki z ko\u0142nierzykiem, naci\u0105ganie skarpet, pakowanie obiadu do pojemnik\u00f3w.<\/p>\n","protected":false},"excerpt":{"rendered":"<p>Startuje kolejny &#8230;<\/p>\n","protected":false},"author":1,"featured_media":0,"comment_status":"open","ping_status":"open","sticky":false,"template":"","format":"standard","meta":{"footnotes":""},"categories":[50],"tags":[],"_links":{"self":[{"href":"http:\/\/niecodziennosc.kubic.info\/index.php?rest_route=\/wp\/v2\/posts\/7612"}],"collection":[{"href":"http:\/\/niecodziennosc.kubic.info\/index.php?rest_route=\/wp\/v2\/posts"}],"about":[{"href":"http:\/\/niecodziennosc.kubic.info\/index.php?rest_route=\/wp\/v2\/types\/post"}],"author":[{"embeddable":true,"href":"http:\/\/niecodziennosc.kubic.info\/index.php?rest_route=\/wp\/v2\/users\/1"}],"replies":[{"embeddable":true,"href":"http:\/\/niecodziennosc.kubic.info\/index.php?rest_route=%2Fwp%2Fv2%2Fcomments&post=7612"}],"version-history":[{"count":0,"href":"http:\/\/niecodziennosc.kubic.info\/index.php?rest_route=\/wp\/v2\/posts\/7612\/revisions"}],"wp:attachment":[{"href":"http:\/\/niecodziennosc.kubic.info\/index.php?rest_route=%2Fwp%2Fv2%2Fmedia&parent=7612"}],"wp:term":[{"taxonomy":"category","embeddable":true,"href":"http:\/\/niecodziennosc.kubic.info\/index.php?rest_route=%2Fwp%2Fv2%2Fcategories&post=7612"},{"taxonomy":"post_tag","embeddable":true,"href":"http:\/\/niecodziennosc.kubic.info\/index.php?rest_route=%2Fwp%2Fv2%2Ftags&post=7612"}],"curies":[{"name":"wp","href":"https:\/\/api.w.org\/{rel}","templated":true}]}}