{"id":7617,"date":"2013-08-28T22:02:43","date_gmt":"2013-08-28T20:02:43","guid":{"rendered":"http:\/\/niecodziennosc.kubic.info\/index.php\/2013\/08\/28\/nie-w-czas\/"},"modified":"2013-08-28T22:02:43","modified_gmt":"2013-08-28T20:02:43","slug":"nie-w-czas","status":"publish","type":"post","link":"http:\/\/niecodziennosc.kubic.info\/?p=7617","title":{"rendered":"Nie w czas"},"content":{"rendered":"<p>Mam wra\u017cenie, jakby ze wszystkich rzeczy, kt\u00f3re mi si\u0119 trafi\u0142y w \u017cyciu, po\u0142owa z nich nadesz\u0142a nie wtedy, kiedy powinna.<\/p>\n<p>Nauka historii, ze szczeg\u00f3\u0142ami, jakimi karmiono nas w szkole podstawowej a potem \u015bredniej, to w 80% by\u0142o jak grochem o \u015bcian\u0119. Co ja z tego mog\u0142em zapami\u0119ta\u0107, a co tak naprawd\u0119 zrozumie\u0107?<\/p>\n<p>Podobnie literatura. Poematy, powie\u015bci, analiza strukturalna &#8211; co ja z tego pami\u0119tam&#8230;? Ale i tak nie o to chodzi, by pami\u0119ta\u0107. Chodzi o to, by to prze\u017cy\u0107, poczu\u0107. Czy co\u015b czu\u0142em? Tak, na pewno, ale o wiele za ma\u0142o. Nie mia\u0142em szansy czu\u0107 wiele. A i tak to, co czu\u0142em, by\u0142o cz\u0119sto inne ni\u017c to, co powinienem czu\u0107 &#8211; wed\u0142ug programu szkolnego.<\/p>\n<p>Teraz przysz\u0142o mi zbli\u017cy\u0107 si\u0119 do Lermontowa. Co ja wiem o nim ze szko\u0142y? S\u0105dz\u0119, \u017ce nic. Si\u0119gam do historii i my\u015bl\u0119, \u017ce tylko dzi\u0119ki zbiegom okoliczno\u015bci (np. kupionej dziesi\u0119\u0107 lat temu, przez przypadek, opas\u0142ej &#8222;Historii \u015awiata&#8221;) i niewyja\u015bnionemu, osobistemu zainteresowaniu, jestem w stanie wyobrazi\u0107 sobie okres historii, w kt\u00f3rej \u017cy\u0142 Michai\u0142, wraz z \u00f3wczesnymi pr\u0105dami, fascynacjami, l\u0119kami, oczekiwaniami.<\/p>\n<p>Nie wiem, mo\u017ce to moja osobista cecha, \u017ce b\u0142yskawicznie ulatuje mi z pami\u0119ci to, co nie wi\u0105\u017ce si\u0119 z pewnym moim wewn\u0119trznym poczuciem sensu. W czasach, gdy by\u0142em nastolatkiem, nie widzia\u0142em sensu w tym, co pr\u00f3bowano mi wpoi\u0107. Zreszt\u0105 w\u0105tpi\u0119, czy rzeczywi\u015bcie kto\u015b tak naprawd\u0119 pr\u00f3bowa\u0142. Nale\u017ca\u0142o przerobi\u0107 program i tyle.<\/p>\n<p>Tak wi\u0119c czy nie by\u0142 to czas stracony? Czy zamiast siedzie\u0107 w \u0142awce szkolnej i \u0142apa\u0107 si\u0119 tego, czego moja dusza nie chcia\u0142a si\u0119 za nic w \u015bwiecie \u0142apa\u0107, mo\u017ce zamiast tego nale\u017ca\u0142o robi\u0107 co\u015b zupe\u0142nie innego? Na przyk\u0142ad podr\u00f3\u017cowa\u0107, by\u0107 w\u015br\u00f3d r\u00f3\u017cnych ludzi, widzie\u0107 ich zmagania, emocje, nadzieje. Tak mi si\u0119 wydaje, \u017ce wtedy potrzeba np. historii i literatury przysz\u0142a by o wiele szybciej&#8230;<\/p>\n","protected":false},"excerpt":{"rendered":"<p>Mam wra\u017cenie, jakby &#8230;<\/p>\n","protected":false},"author":1,"featured_media":0,"comment_status":"open","ping_status":"open","sticky":false,"template":"","format":"standard","meta":{"footnotes":""},"categories":[24],"tags":[719,112,70],"_links":{"self":[{"href":"http:\/\/niecodziennosc.kubic.info\/index.php?rest_route=\/wp\/v2\/posts\/7617"}],"collection":[{"href":"http:\/\/niecodziennosc.kubic.info\/index.php?rest_route=\/wp\/v2\/posts"}],"about":[{"href":"http:\/\/niecodziennosc.kubic.info\/index.php?rest_route=\/wp\/v2\/types\/post"}],"author":[{"embeddable":true,"href":"http:\/\/niecodziennosc.kubic.info\/index.php?rest_route=\/wp\/v2\/users\/1"}],"replies":[{"embeddable":true,"href":"http:\/\/niecodziennosc.kubic.info\/index.php?rest_route=%2Fwp%2Fv2%2Fcomments&post=7617"}],"version-history":[{"count":0,"href":"http:\/\/niecodziennosc.kubic.info\/index.php?rest_route=\/wp\/v2\/posts\/7617\/revisions"}],"wp:attachment":[{"href":"http:\/\/niecodziennosc.kubic.info\/index.php?rest_route=%2Fwp%2Fv2%2Fmedia&parent=7617"}],"wp:term":[{"taxonomy":"category","embeddable":true,"href":"http:\/\/niecodziennosc.kubic.info\/index.php?rest_route=%2Fwp%2Fv2%2Fcategories&post=7617"},{"taxonomy":"post_tag","embeddable":true,"href":"http:\/\/niecodziennosc.kubic.info\/index.php?rest_route=%2Fwp%2Fv2%2Ftags&post=7617"}],"curies":[{"name":"wp","href":"https:\/\/api.w.org\/{rel}","templated":true}]}}