{"id":7625,"date":"2013-08-10T01:39:10","date_gmt":"2013-08-09T23:39:10","guid":{"rendered":"http:\/\/niecodziennosc.kubic.info\/index.php\/2013\/08\/10\/druga-burza\/"},"modified":"2013-08-10T01:39:10","modified_gmt":"2013-08-09T23:39:10","slug":"druga-burza","status":"publish","type":"post","link":"http:\/\/niecodziennosc.kubic.info\/?p=7625","title":{"rendered":"Druga burza"},"content":{"rendered":"<p>Ju\u017c druga burza przesz\u0142a dzi\u015b nad nami. Nawet nie wiem, z jakiego kierunku. Czy z zachodu, zza wysokich drzew na ko\u0144cu ogrodu. Mo\u017ce z p\u00f3\u0142nocy, ponad mogi\u0142ami cmentarza. Ale nie pami\u0119tam burz nadchodz\u0105cych z po\u0142udnia lub ze wschodu. Mo\u017ce dlatego, \u017ce okna kuchni wychodzi\u0142y na zach\u00f3d, i jako dziecko w\u0142a\u015bnie tam ucieka\u0142em, pod skrzyd\u0142a czuwaj\u0105cej babci.<\/p>\n<p>No jeszcze zgodzi\u0142bym si\u0119 na kierunek po\u0142udniowo-zachodni, tam otwiera\u0142a si\u0119 przestrze\u0144 nieba, mi\u0119dzy wysokim dachem stodo\u0142y a wysok\u0105, roz\u0142o\u017cyst\u0105 jab\u0142onk\u0105, zasadzon\u0105 przy wje\u017adzie na podw\u00f3rko. A raz, przypominam sobie, burza sz\u0142a z po\u0142udniowego wschodu, ponad wysokim domem po drugiej stronie szerokiego skrzy\u017cowania. Ciemne chmury wzbiera\u0142y nad pierwszym w rz\u0119dzie budynkiem. Dzi\u015b, za jego plecami, stoli ca\u0142e osiedle domk\u00f3w. I nie ma ju\u017c wysokiej lipy rosn\u0105cej na tr\u00f3jk\u0105tnej wysepce, na \u015brodku, mi\u0119dzy schodz\u0105cymi si\u0119 ulicami. <\/p>\n<p>Dzi\u015b, po po\u0142udniu, zacz\u0119\u0142y szumie\u0107 li\u015bcie. Jest taki moment, przed kt\u00f3rym jest jeszcze cisza, cho\u0107 oczywi\u015bcie o tym nie wiadomo, dop\u00f3ki nie zacznie szumie\u0107. To nie wiaterek, jaki b\u0142\u0105ka si\u0119 czasem w\u015br\u00f3d upa\u0142u, to co\u015b na tyle innego, \u017ce mo\u017ce i niewiarygodnego. Zw\u0142aszcza, gdy uda si\u0119 nie przegapi\u0107 jego narodzin, i wiadomo dok\u0142adnie, \u017ce w\u0142a\u015bnie teraz, trzy sekundy temu, powsta\u0142 on, ten, kt\u00f3rego nie s\u0142yszeli\u015bmy od tygodni (nagle zdajemy sobie spraw\u0119).<\/p>\n<p>Okno naszej obecnej kuchni wychodzi na wsch\u00f3d. Babcia, kiedy \u017cy\u0142a, zawsze m\u00f3wi\u0142a, \u017ce nie chcia\u0142aby mie\u0107 okna kuchni wychodz\u0105cego na ulic\u0119, bo &#8222;\u0142atwo mo\u017cna si\u0119 zapatrzy\u0107, a na piecu wtedy kipi&#8221;. Nas, ma\u0142ych, rzecz jasna, bardziej interesowa\u0142y przeje\u017cd\u017caj\u0105ce samochody. A dzi\u015b, gdy zacina\u0142o deszczem, nawet chyba nie przejecha\u0142 \u017caden samoch\u00f3d. Zreszt\u0105 nie wiedzieli\u015bmy, \u017ce zacina, dop\u00f3ki nie wyjrzeli\u015bmy na drug\u0105 stron\u0119 domu, w\u0142a\u015bnie na zach\u00f3d. Stamt\u0105d wia\u0142o, unosi\u0142o ca\u0142e fale kropel i uderza\u0142o nimi po szybach&#8230;<\/p>\n","protected":false},"excerpt":{"rendered":"<p>Ju\u017c druga burza &#8230;<\/p>\n","protected":false},"author":1,"featured_media":0,"comment_status":"open","ping_status":"open","sticky":false,"template":"","format":"standard","meta":{"footnotes":""},"categories":[27],"tags":[269],"_links":{"self":[{"href":"http:\/\/niecodziennosc.kubic.info\/index.php?rest_route=\/wp\/v2\/posts\/7625"}],"collection":[{"href":"http:\/\/niecodziennosc.kubic.info\/index.php?rest_route=\/wp\/v2\/posts"}],"about":[{"href":"http:\/\/niecodziennosc.kubic.info\/index.php?rest_route=\/wp\/v2\/types\/post"}],"author":[{"embeddable":true,"href":"http:\/\/niecodziennosc.kubic.info\/index.php?rest_route=\/wp\/v2\/users\/1"}],"replies":[{"embeddable":true,"href":"http:\/\/niecodziennosc.kubic.info\/index.php?rest_route=%2Fwp%2Fv2%2Fcomments&post=7625"}],"version-history":[{"count":0,"href":"http:\/\/niecodziennosc.kubic.info\/index.php?rest_route=\/wp\/v2\/posts\/7625\/revisions"}],"wp:attachment":[{"href":"http:\/\/niecodziennosc.kubic.info\/index.php?rest_route=%2Fwp%2Fv2%2Fmedia&parent=7625"}],"wp:term":[{"taxonomy":"category","embeddable":true,"href":"http:\/\/niecodziennosc.kubic.info\/index.php?rest_route=%2Fwp%2Fv2%2Fcategories&post=7625"},{"taxonomy":"post_tag","embeddable":true,"href":"http:\/\/niecodziennosc.kubic.info\/index.php?rest_route=%2Fwp%2Fv2%2Ftags&post=7625"}],"curies":[{"name":"wp","href":"https:\/\/api.w.org\/{rel}","templated":true}]}}