{"id":7628,"date":"2013-08-03T14:53:16","date_gmt":"2013-08-03T12:53:16","guid":{"rendered":"http:\/\/niecodziennosc.kubic.info\/index.php\/2013\/08\/03\/rozmrazanie\/"},"modified":"2019-05-05T01:42:13","modified_gmt":"2019-05-04T23:42:13","slug":"rozmrazanie","status":"publish","type":"post","link":"http:\/\/niecodziennosc.kubic.info\/?p=7628","title":{"rendered":"Rozmra\u017canie"},"content":{"rendered":"<p>Wczoraj uda\u0142o si\u0119 zrealizowa\u0107 program rozmra\u017cania lod\u00f3wkozamra\u017carki. Rano zosta\u0142a wy\u0142\u0105czona, wieczorem, o 23:00, w\u0142\u0105czy\u0142em j\u0105 z powrotem &#8211; ju\u017c such\u0105, umyt\u0105, wraz ze wszystkimi p\u00f3\u0142eczkami i szufladkami. Zaj\u0105\u0142em si\u0119 tym ja, jako cz\u0142owiek przebywaj\u0105cy na urlopie i przyczyniaj\u0105cy si\u0119 do \u017cycia rodzinnego.<\/p>\n<p>Nie by\u0142o to niezb\u0119dnie konieczne. Lecz zacz\u0119\u0142o si\u0119 od tego, \u017ce opad\u0142y drzwiczki i ociera\u0142y si\u0119 przy zamykaniu. Pad\u0142o stwierdzenie, \u017ce m\u00f3g\u0142bym z tym co\u015b zrobi\u0107, na co ja, \u017ce trzeba by zdemontowa\u0107 drzwiczki, a trudno to robi\u0107 w po\u015bpiechu, a powoli, to ju\u017c mo\u017cna rozmrozi\u0107. To by\u0142o we wtorek, zdaje si\u0119. Wiedzieli\u015bmy ju\u017c, \u017ce go\u015bcie maj\u0105 wyjecha\u0107 w czwartek wieczorem, wi\u0119c pi\u0105tek wyda\u0142 si\u0119 idealny.<\/p>\n<p>Nie zrobi\u0142em tego z jakich\u015b wysokich powod\u00f3w rodzinnych czy altruistycznych. Mo\u017cna by\u0142o jeszcze z tym \u017cy\u0107, nie by\u0142o tak \u017ale. Zrobi\u0142em to dla siebie, dla swojej duchowo\u015bci. Efekt ju\u017c mam &#8211; dzisiaj rano uda\u0142o si\u0119 napisa\u0107 dwa z kilku zaleg\u0142ych tekst\u00f3w, do kt\u00f3rych si\u0119 kiedy\u015b zobowi\u0105za\u0142em. Op\u00f3\u017anienie t\u0142umaczy\u0142em brakiem odpowiedniego ducha, wi\u0119c rozmra\u017canie lod\u00f3wki przyda\u0142o si\u0119 jak znalaz\u0142.<\/p>\n<p>Co prawda dzi\u015b rano teksty powsta\u0142y te\u017c kosztem zajmowania si\u0119 dzie\u0107mi, ale wygl\u0105da na to, \u017ce im r\u00f3wnie\u017c wysz\u0142o to na korzy\u015b\u0107. Zrobi\u0142y sobie same \u015bniadanie, w\u0142a\u015bnie to, co potrafi\u0105 i lubi\u0105, czyli par\u00f3wki. Potem tworzy\u0142y jakie\u015b\u00a0 napoje, z wykorzystaniem lodu z w\u0142a\u015bnie wyczyszczonej zamra\u017carki. Do wczoraj nie da\u0142o si\u0119 wyci\u0105gn\u0105\u0107 szufladki na l\u00f3d, z powodu zalodzenia, ale po rozmro\u017ceniu teraz wszystko ju\u017c dzia\u0142a. Znalaz\u0142em te\u017c w kuchni u\u017cyty wyciskacz do cytrus\u00f3w, plamy na pod\u0142odze i parapecie (a m\u00f3wi\u0142em, \u017ce jak co\u015b si\u0119 przygotowuje, to robi\u0107 na stole). Mn\u00f3stwo walaj\u0105cych si\u0119 sztu\u0107c\u00f3w, u\u017cywane w r\u00f3\u017cnych celach talerze, wi\u0119ksze i mniejsze. Nic, wa\u017cne, \u017ce nie s\u0105 g\u0142odne i posz\u0142y na podw\u00f3rze. Wygl\u0105daj\u0105c od komputera zobaczy\u0142em mokre okno na pierwszym pi\u0119trze, a na podw\u00f3rzu &#8211; ci\u0105gn\u0119\u0142y w\u0142a\u015bnie ogrodowego w\u0119\u017ca. Wyja\u015bni\u0142em, \u017ce nie leje si\u0119 po \u015bcianie i tynku, jak ju\u017c chc\u0105, niech lej\u0105 po drzewach; chyba zrozumia\u0142y.<\/p>\n<p>Rozpisa\u0142em si\u0119 najwyra\u017aniej, bo oto prosz\u0119 &#8211; siedz\u0119 i palce co\u015b mi tak stukaj\u0105, tekst si\u0119 leje, mo\u017ce wi\u0119c wykorzystam okazj\u0119 i nastukam par\u0119 akapit\u00f3w, na zapas, na kolejne zam\u00f3wienia.<\/p>\n<p><img fetchpriority=\"high\" decoding=\"async\" src=\"wp-content\/uploads\/2019\/03\/_F1A4498SaraBeniWawel.jpg\" alt=\"Dziecko\" width=\"300\" height=\"360\" \/><\/p>\n","protected":false},"excerpt":{"rendered":"<p>Wczoraj uda\u0142o si\u0119 &#8230;<\/p>\n","protected":false},"author":1,"featured_media":0,"comment_status":"open","ping_status":"open","sticky":false,"template":"","format":"standard","meta":{"footnotes":""},"categories":[50,909],"tags":[373,38,638],"_links":{"self":[{"href":"http:\/\/niecodziennosc.kubic.info\/index.php?rest_route=\/wp\/v2\/posts\/7628"}],"collection":[{"href":"http:\/\/niecodziennosc.kubic.info\/index.php?rest_route=\/wp\/v2\/posts"}],"about":[{"href":"http:\/\/niecodziennosc.kubic.info\/index.php?rest_route=\/wp\/v2\/types\/post"}],"author":[{"embeddable":true,"href":"http:\/\/niecodziennosc.kubic.info\/index.php?rest_route=\/wp\/v2\/users\/1"}],"replies":[{"embeddable":true,"href":"http:\/\/niecodziennosc.kubic.info\/index.php?rest_route=%2Fwp%2Fv2%2Fcomments&post=7628"}],"version-history":[{"count":1,"href":"http:\/\/niecodziennosc.kubic.info\/index.php?rest_route=\/wp\/v2\/posts\/7628\/revisions"}],"predecessor-version":[{"id":9003,"href":"http:\/\/niecodziennosc.kubic.info\/index.php?rest_route=\/wp\/v2\/posts\/7628\/revisions\/9003"}],"wp:attachment":[{"href":"http:\/\/niecodziennosc.kubic.info\/index.php?rest_route=%2Fwp%2Fv2%2Fmedia&parent=7628"}],"wp:term":[{"taxonomy":"category","embeddable":true,"href":"http:\/\/niecodziennosc.kubic.info\/index.php?rest_route=%2Fwp%2Fv2%2Fcategories&post=7628"},{"taxonomy":"post_tag","embeddable":true,"href":"http:\/\/niecodziennosc.kubic.info\/index.php?rest_route=%2Fwp%2Fv2%2Ftags&post=7628"}],"curies":[{"name":"wp","href":"https:\/\/api.w.org\/{rel}","templated":true}]}}