{"id":7630,"date":"2013-07-26T22:57:41","date_gmt":"2013-07-26T20:57:41","guid":{"rendered":"http:\/\/niecodziennosc.kubic.info\/index.php\/2013\/07\/26\/czuje-wiem-najmniej-rozumiem\/"},"modified":"2013-07-26T22:57:41","modified_gmt":"2013-07-26T20:57:41","slug":"czuje-wiem-najmniej-rozumiem","status":"publish","type":"post","link":"http:\/\/niecodziennosc.kubic.info\/?p=7630","title":{"rendered":"Czuj\u0119! Wiem? Najmniej: rozumiem"},"content":{"rendered":"<p><img fetchpriority=\"high\" decoding=\"async\" title=\"dziecko\" src=\"wp-content\/uploads\/2019\/03\/_F1A3881.jpg\" alt=\"wzrok\" width=\"500\" height=\"333\" \/><\/p>\n<p>Nie widzimy oczami. Nie s\u0142yszymy uszami. Gdy dotykamy, to nie palce s\u0105 najwa\u017cniejsze. Czym widzimy, s\u0142yszymy? W zasadzie &#8211; nie wiadomo. Przecie\u017c nie chodzi o uk\u0142ad kosteczek: m\u0142oteczek-kowade\u0142ko-strzemi\u0105czko, ani o arterie w\u0142\u00f3kien nerwowych, od st\u00f3p, przez rdze\u0144 kr\u0119gowy, do g\u0142owy. O co zatem chodzi? Jakie to mi\u0142e m\u00f3c powiedzie\u0107: nie wiem.<\/p>\n<p>Co ciekawe, z powodu tej niewiedzy nic si\u0119 nie zmienia. Nie wali si\u0119 \u015bwiat, nie nast\u0119puje \u017cadne nieszcz\u0119\u015bcie ani kataklizm. Mo\u017cemy wi\u0119c wo\u0142a\u0107 &#8222;nie wiem, nie wiem!&#8221;, szcz\u0119\u015bliwi. Gdy\u017c wiedza zwykle czym\u015b obarcza (cho\u0107by odpowiedzialno\u015bci\u0105) lub co najmniej &#8211; nie daje spokoju. Na przyk\u0142ad jest nienasycona, bo po kr\u00f3tkim okresie zadowolenia powoduje kolejny, pal\u0105cy niedosyt. No a jak nie wiem, to nie wiem&#8230;!<\/p>\n<p>Wi\u0119cej wiem, ni\u017c rozumiem.<br \/>O wiele wi\u0119cej czuj\u0119 ni\u017c wiem.<br \/>Czyli najwi\u0119cej czuj\u0119, a najmniej rozumiem. I mo\u017ce co\u015b tam wiem.<\/p>\n<p>Czuj\u0119 &lt;- Wiem &lt;- Rozumiem<br \/>Czuj\u0119\u017beWiemNierozumiem<br \/>Czuj\u0119Niewiem<br \/>Czuj\u0119.<\/p>\n<p><img decoding=\"async\" title=\"ciastolina\" src=\"wp-content\/uploads\/2019\/03\/_F1A3886.jpg\" alt=\"ciastolina\" width=\"500\" height=\"333\" \/><\/p>\n","protected":false},"excerpt":{"rendered":"<p><img title=\"dziecko\" ...\n<\/p>\n","protected":false},"author":1,"featured_media":0,"comment_status":"open","ping_status":"open","sticky":false,"template":"","format":"standard","meta":{"footnotes":""},"categories":[50],"tags":[373,70,166],"_links":{"self":[{"href":"http:\/\/niecodziennosc.kubic.info\/index.php?rest_route=\/wp\/v2\/posts\/7630"}],"collection":[{"href":"http:\/\/niecodziennosc.kubic.info\/index.php?rest_route=\/wp\/v2\/posts"}],"about":[{"href":"http:\/\/niecodziennosc.kubic.info\/index.php?rest_route=\/wp\/v2\/types\/post"}],"author":[{"embeddable":true,"href":"http:\/\/niecodziennosc.kubic.info\/index.php?rest_route=\/wp\/v2\/users\/1"}],"replies":[{"embeddable":true,"href":"http:\/\/niecodziennosc.kubic.info\/index.php?rest_route=%2Fwp%2Fv2%2Fcomments&post=7630"}],"version-history":[{"count":0,"href":"http:\/\/niecodziennosc.kubic.info\/index.php?rest_route=\/wp\/v2\/posts\/7630\/revisions"}],"wp:attachment":[{"href":"http:\/\/niecodziennosc.kubic.info\/index.php?rest_route=%2Fwp%2Fv2%2Fmedia&parent=7630"}],"wp:term":[{"taxonomy":"category","embeddable":true,"href":"http:\/\/niecodziennosc.kubic.info\/index.php?rest_route=%2Fwp%2Fv2%2Fcategories&post=7630"},{"taxonomy":"post_tag","embeddable":true,"href":"http:\/\/niecodziennosc.kubic.info\/index.php?rest_route=%2Fwp%2Fv2%2Ftags&post=7630"}],"curies":[{"name":"wp","href":"https:\/\/api.w.org\/{rel}","templated":true}]}}