{"id":7633,"date":"2013-07-19T23:08:16","date_gmt":"2013-07-19T21:08:16","guid":{"rendered":"http:\/\/niecodziennosc.kubic.info\/index.php\/2013\/07\/19\/wiesiek-wygodny\/"},"modified":"2019-05-05T01:42:13","modified_gmt":"2019-05-04T23:42:13","slug":"wiesiek-wygodny","status":"publish","type":"post","link":"http:\/\/niecodziennosc.kubic.info\/?p=7633","title":{"rendered":"Wiesiek wygodny"},"content":{"rendered":"<p>To bardzo wygodne mie\u0107 Wie\u015bka. Jest bliskim, mo\u017ce najbli\u017cszym przyjacielem, ale w razie potrzeby mo\u017ce by\u0107 te\u017c przeciwnikiem albo i wrogiem. Mo\u017ce co\u015b \u015bwietnie rozumie\u0107 i dlatego pom\u00f3c, ale mo\u017ce te\u017c by\u0107 potulnym t\u0119pakiem, przyjmuj\u0105cym na siebie razy.<\/p>\n<p>W sumie w Wie\u015bku spotykaj\u0105 si\u0119 najr\u00f3\u017cniejsze osobowo\u015bci. I nawet nie dziwne, \u017ce s\u0105 one niekiedy zupe\u0142nie sprzeczne. Sprzeczno\u015b\u0107 jest wpisana w kszta\u0142t \u015bwiata, a co dopiero w kszta\u0142t cz\u0142owieka. Wiesiek jest jak antycz\u0105stka cz\u0105stki w\u0142a\u015bciwej, czyli mnie. Czyli, tak jak w fizyce najmniejszych cz\u0105stek, Wiesiek i ja jeste\u015bmy ze sob\u0105 \u015bci\u015ble zwi\u0105zani. I najwyra\u017aniej powstali\u015bmy dok\u0142adnie w tym samym momencie stw\u00f3rczym. A skoro Wiesiek mo\u017ce by\u0107 nawet moim wrogiem, to oznacza, \u017ce wr\u00f3g i przyjaciel istniej\u0105 rzeczywi\u015bcie we mnie. Innymi s\u0142owy &#8211; ka\u017cdy napotkany cz\u0142owiek, znajomy czy nieznajomy, wszystko jedno, ma swoje odbicie w Wie\u015bku, i na ka\u017cdego cz\u0142owieka patrz\u0119 przez Wie\u015bka. Czyli nawet trudno stwierdzi\u0107, na ile istniej\u0105 i jacy s\u0105 inni ludzie. Wiem tylko, \u017ce jest Wiesiek.<\/p>\n<p>Skoro zatem nazwa\u0142em tajemnic\u0119 Wie\u015bka, to czy jeszcze kiedy\u015b on sam si\u0119 pojawi? Mo\u017ce jego rola ju\u017c si\u0119 wyczerpa\u0142a? Czy nie na tym polega\u0142a jego g\u0142\u00f3wna zaleta, \u017ce pozostawa\u0142 dublerem rzeczywisto\u015bci, ale takim nieu\u015bwiadomionym i nienazwanym? Czarn\u0105 owc\u0105 albo przewodnikiem-geniuszem, w zale\u017cno\u015bci od sytuacji, potrzeb, nastroju, czy m\u00f3wi\u0105c konkretniej &#8211; mojego widzimisi\u0119?<\/p>\n<p>Nie s\u0105dz\u0119, \u017ce zniknie na zawsze. Wiesiek mo\u017ce teraz skryje si\u0119 na jaki\u015b czas jako samodzielny bohater, zaskoczony i zawstydzony tym, \u017ce zosta\u0142 zdemaskowany. Ale pojawi si\u0119 zn\u00f3w, niech tylko zajdzie jego potrzeba. Potrzebuj\u0119 go, by si\u0119 nad nim pastwi\u0107, albo pyta\u0107 go o rad\u0119. Albo by cho\u0107 chwil\u0119 z nim porozmawia\u0107. To ja sam wzbudz\u0119 Wie\u015bka i ja sam zapomn\u0119, \u017ce go u\u015bmierci\u0142em. Wiesiek, nieodwo\u0142alny niewolnik, m\u00f3j osobisty, na zawsze.<\/p>\n","protected":false},"excerpt":{"rendered":"<p>To bardzo wygodne &#8230;<\/p>\n","protected":false},"author":1,"featured_media":0,"comment_status":"open","ping_status":"open","sticky":false,"template":"","format":"standard","meta":{"footnotes":""},"categories":[18,909],"tags":[38,224],"_links":{"self":[{"href":"http:\/\/niecodziennosc.kubic.info\/index.php?rest_route=\/wp\/v2\/posts\/7633"}],"collection":[{"href":"http:\/\/niecodziennosc.kubic.info\/index.php?rest_route=\/wp\/v2\/posts"}],"about":[{"href":"http:\/\/niecodziennosc.kubic.info\/index.php?rest_route=\/wp\/v2\/types\/post"}],"author":[{"embeddable":true,"href":"http:\/\/niecodziennosc.kubic.info\/index.php?rest_route=\/wp\/v2\/users\/1"}],"replies":[{"embeddable":true,"href":"http:\/\/niecodziennosc.kubic.info\/index.php?rest_route=%2Fwp%2Fv2%2Fcomments&post=7633"}],"version-history":[{"count":1,"href":"http:\/\/niecodziennosc.kubic.info\/index.php?rest_route=\/wp\/v2\/posts\/7633\/revisions"}],"predecessor-version":[{"id":9005,"href":"http:\/\/niecodziennosc.kubic.info\/index.php?rest_route=\/wp\/v2\/posts\/7633\/revisions\/9005"}],"wp:attachment":[{"href":"http:\/\/niecodziennosc.kubic.info\/index.php?rest_route=%2Fwp%2Fv2%2Fmedia&parent=7633"}],"wp:term":[{"taxonomy":"category","embeddable":true,"href":"http:\/\/niecodziennosc.kubic.info\/index.php?rest_route=%2Fwp%2Fv2%2Fcategories&post=7633"},{"taxonomy":"post_tag","embeddable":true,"href":"http:\/\/niecodziennosc.kubic.info\/index.php?rest_route=%2Fwp%2Fv2%2Ftags&post=7633"}],"curies":[{"name":"wp","href":"https:\/\/api.w.org\/{rel}","templated":true}]}}