{"id":7639,"date":"2013-07-05T21:37:35","date_gmt":"2013-07-05T19:37:35","guid":{"rendered":"http:\/\/niecodziennosc.kubic.info\/index.php\/2013\/07\/05\/poddaje-sie\/"},"modified":"2019-05-05T01:42:13","modified_gmt":"2019-05-04T23:42:13","slug":"poddaje-sie","status":"publish","type":"post","link":"http:\/\/niecodziennosc.kubic.info\/?p=7639","title":{"rendered":"Poddaj\u0119 si\u0119"},"content":{"rendered":"<p>Czasem miotam si\u0119 mi\u0119dzy stanem, aby robi\u0107 du\u017co, bardzo du\u017co, a tym, by nie robi\u0107 nic. No, zupe\u0142nie nic &#8211; to raczej niemo\u017cliwe. Mam na my\u015bli to, \u017ce kontemplowa\u0142bym &#8211; ja, tylko ja, na w\u0142asny u\u017cytek, wewn\u0119trzny. <\/p>\n<p>Tak jak dzisiaj, spotkanie z&#8230; ojcem mojego przyjaciela, z kt\u00f3rym jednak kr\u00f3tka rozmowa udowodni\u0142a, \u017ce nie jest po prostu ojcem przyjaciela, albo raczej &#8211; \u017ce zupe\u0142nie jasne, dlaczego jego syn jest cz\u0142owiekiem, kt\u00f3rego&#8230; bardzo dobrze, blisko czuj\u0119.<\/p>\n<p>Czy potrzebuj\u0119 pisa\u0107, komponowa\u0107, fotografowa\u0107? To oczywi\u015bcie pytanie retoryczne, na kt\u00f3re odpowied\u017a wydaje si\u0119 twierdz\u0105ca. A jednak przenika mnie silne wra\u017cenie, \u017ce m\u00f3g\u0142bym si\u0119 bez tego oby\u0107. Wi\u0119cej. \u017be najwa\u017cniejsze i jedyne, co mo\u017cna zyska\u0107, zabra\u0107 ze sob\u0105, zapisa\u0107 w sobie (nie wiem po co, chyba jednak nie dla dobra przysz\u0142ych pokole\u0144), to jest to, co zapami\u0119tam, prze\u017cyj\u0119, odczuj\u0119. Wszystko inne, czy zapisane na papierze, wydrukowane, nagrane &#8211; jest wt\u00f3rne, przetworzone, i tak naprawd\u0119 bez wi\u0119kszego znaczenia.<\/p>\n<p>Przegl\u0105dam internet, patrz\u0119, jak znajomi urz\u0105dzaj\u0105 premiery wystawy, pisz\u0105 teksty, tworz\u0105 du\u017co, tworz\u0105 nieustannie. Teraz, w tym momencie, jestem od nich daleki. To ich wyb\u00f3r. P\u0119d w stron\u0119 pracy, osi\u0105gni\u0119cia, dorobek&#8230; Prosz\u0119 bardzo.<\/p>\n<p>Lecz czy jestem w stanie opisa\u0107 takie spotkanie, jakie widzicie poni\u017cej? Czy ktokolwiek jest w stanie &#8211; opisa\u0107, sfilmowa\u0107, przedstawi\u0107 na fotografii &#8211; w spos\u00f3b niezale\u017cny od \u017cadnych konwencji, trend\u00f3w historycznych, kulturowych, znaczeniowych i tak dalej? Znaczenie ma to, co jest bezwzgl\u0119dne. Reszta jest tylko tymczasowa, umowna, i dlatego poddawana dyskusji krytyk\u00f3w i znawc\u00f3w.<\/p>\n<p>Nie tak rzadko chce mi si\u0119 powiedzie\u0107: NIE. Nie b\u0119d\u0119 wchodzi\u0142 we wsp\u00f3\u0142tworzony przez was system znacze\u0144, symboli, system\u00f3w, nie b\u0119d\u0119 tworzy\u0142 w\u0142asnego systemu. Interesuje mnie tylko to, co trafia do cz\u0142owieka wprost. Co jest uniwersalne. Reszta przeminie. <\/p>\n<p>\u00a0<img fetchpriority=\"high\" decoding=\"async\" src=\"wp-content\/uploads\/2019\/03\/_F1A1239StFilus.jpg\" alt=\"Ojciec\" width=\"500\" height=\"333\" \/><\/p>\n","protected":false},"excerpt":{"rendered":"<p>Czasem miotam si\u0119 &#8230;<\/p>\n","protected":false},"author":1,"featured_media":0,"comment_status":"open","ping_status":"open","sticky":false,"template":"","format":"standard","meta":{"footnotes":""},"categories":[27,909],"tags":[607,413,38,70],"_links":{"self":[{"href":"http:\/\/niecodziennosc.kubic.info\/index.php?rest_route=\/wp\/v2\/posts\/7639"}],"collection":[{"href":"http:\/\/niecodziennosc.kubic.info\/index.php?rest_route=\/wp\/v2\/posts"}],"about":[{"href":"http:\/\/niecodziennosc.kubic.info\/index.php?rest_route=\/wp\/v2\/types\/post"}],"author":[{"embeddable":true,"href":"http:\/\/niecodziennosc.kubic.info\/index.php?rest_route=\/wp\/v2\/users\/1"}],"replies":[{"embeddable":true,"href":"http:\/\/niecodziennosc.kubic.info\/index.php?rest_route=%2Fwp%2Fv2%2Fcomments&post=7639"}],"version-history":[{"count":1,"href":"http:\/\/niecodziennosc.kubic.info\/index.php?rest_route=\/wp\/v2\/posts\/7639\/revisions"}],"predecessor-version":[{"id":9008,"href":"http:\/\/niecodziennosc.kubic.info\/index.php?rest_route=\/wp\/v2\/posts\/7639\/revisions\/9008"}],"wp:attachment":[{"href":"http:\/\/niecodziennosc.kubic.info\/index.php?rest_route=%2Fwp%2Fv2%2Fmedia&parent=7639"}],"wp:term":[{"taxonomy":"category","embeddable":true,"href":"http:\/\/niecodziennosc.kubic.info\/index.php?rest_route=%2Fwp%2Fv2%2Fcategories&post=7639"},{"taxonomy":"post_tag","embeddable":true,"href":"http:\/\/niecodziennosc.kubic.info\/index.php?rest_route=%2Fwp%2Fv2%2Ftags&post=7639"}],"curies":[{"name":"wp","href":"https:\/\/api.w.org\/{rel}","templated":true}]}}