{"id":7647,"date":"2013-06-20T22:32:35","date_gmt":"2013-06-20T20:32:35","guid":{"rendered":"http:\/\/niecodziennosc.kubic.info\/index.php\/2013\/06\/20\/fotograficznie\/"},"modified":"2013-06-20T22:32:35","modified_gmt":"2013-06-20T20:32:35","slug":"fotograficznie","status":"publish","type":"post","link":"http:\/\/niecodziennosc.kubic.info\/?p=7647","title":{"rendered":"Fotograficznie"},"content":{"rendered":"<p>Przegl\u0105dam zdj\u0119cia, kt\u00f3re zrobi\u0142em w Rumunii w marcu tego roku. To do\u015b\u0107 sporo zdj\u0119\u0107 z ulicy, fotografowanych nut\u0105 zafascynowania, z odwag\u0105 i bezpretensjonalno\u015bci\u0105. Jak nie\u015bwiadomy tego, \u017ce powinienem by\u0107 nie\u015bmia\u0142y, strzela\u0142em ludziom w twarz. Na przyk\u0142ad tutaj:<\/p>\n<p><img fetchpriority=\"high\" decoding=\"async\" src=\"wp-content\/uploads\/2019\/03\/Rumuniaulica_MG_9797__Version_2.jpg\" alt=\"Street photo Romania\" width=\"500\" height=\"333\" \/><\/p>\n<p>Jest taki stan ducha fotografa, w kt\u00f3rym wydaje si\u0119, \u017ce nic nie mo\u017ce go zatrzyma\u0107. Czy to z\u0142uda, czy prawda, trudno dociec. To niewiadoma, tak jak nieprzewidywalne jest fotografowanie na ulicy.<\/p>\n<p>Dzi\u015b przegl\u0105dam te zdj\u0119cia i stwierdzam z fascynuj\u0105cym zdziwieniem, \u017ce wiele kadr\u00f3w, kt\u00f3re pomin\u0105\u0142em, dzi\u015b wydaje mi si\u0119 lepszych ni\u017c te, kt\u00f3re uwa\u017ca\u0142em za \u015bwietne kilka miesi\u0119cy temu. Taka odmiana nie jest czym\u015b niezwyk\u0142ym, wynika cho\u0107by z perspektywy czasu. Ale u mnie teraz &#8211; jeszcze z czego\u015b. Zatopiwszy si\u0119 w Twittera pozna\u0142em jednego z fotoedytor\u00f3w, kt\u00f3ry b\u0119d\u0105c maniakiem fotografii, codziennie publikuje \u015bwietne materia\u0142y.<\/p>\n<p>Nie s\u0105 to oczywi\u015bcie jego zdj\u0119cia. On je znajduje w sieci, zreszt\u0105 prowadzi portal, na kt\u00f3ry zaprasza wszystkich fotografuj\u0105cych. Nie s\u0105 to zdj\u0119cia wystrza\u0142owe, zapieraj\u0105ce dech w piersiach, takie, jakie otrzymuj\u0105 na forach fotograficznych najlepsze oceny. To fotografie opowiadaj\u0105ce o \u017cyciu, w kt\u00f3rych liczy si\u0119 przede wszystkim tre\u015b\u0107 pokazana za pomoc\u0105 poetyckiej formy. Jak to mo\u017ce wygl\u0105da\u0107?<\/p>\n<p>Na przyk\u0142ad tak: <a href=\"http:\/\/flakphoto.com\/content\/rebecca-norris-webb-my-dakota\">&#8220;Re-Visioning&#8221; &#8211; Rebecca Norris Webb&#8217;s My Dakota<\/a>&#65279;. To fantastycznie opowiedziana historia, wzbudzaj\u0105ca ci\u0105gle moje uznanie, rozmarzenie i zazdro\u015b\u0107. B\u0119d\u0105c pod wp\u0142ywem tych i nie tylko tych zdj\u0119\u0107, podejrzewam, \u017ce zmienia si\u0119 spos\u00f3b, w jaki patrz\u0119 na w\u0142asne fotografie.\u00a0<\/p>\n<p>I jeszcze jedno uczucie &#8211; czasem robi\u0119 zdj\u0119cie poniewa\u017c wewn\u0119trznie czuj\u0119, \u017ce powinienem strzeli\u0107 &#8211; w\u0142a\u015bnie teraz i w\u0142a\u015bnie to, co widz\u0119. Ale <em>dlaczego<\/em> powinienem strzeli\u0107? Nie wiem, nie umiem tego logicznie uzasadni\u0107. I zdarza si\u0119 nie tak rzadko, \u017ce za kilka miesi\u0119cy zaczynam to rozumie\u0107. Jawny dow\u00f3d na to, \u017ce nie rozumiem samego siebie.<\/p>\n<p>C\u00f3\u017c dopiero \u015bwiata wok\u00f3\u0142. I c\u00f3\u017c, \u017ce jestem do niego na sta\u0142e przykuty, i sam nie wiem, czy ten \u015bwiat mie\u015bci si\u0119 we mnie, czy jestem tylko drobn\u0105 cz\u0105stk\u0105 wobec ogromu, i to ten ogrom mnie wch\u0142on\u0105\u0142, jak wieloryb ziarenko piasku. Skutek jest jeden &#8211; nie wiem nawet, kto tu i czego nie rozumie&#8230;<\/p>\n","protected":false},"excerpt":{"rendered":"<p>Przegl\u0105dam zdj\u0119cia, &#8230;<\/p>\n","protected":false},"author":1,"featured_media":0,"comment_status":"open","ping_status":"open","sticky":false,"template":"","format":"standard","meta":{"footnotes":""},"categories":[35],"tags":[339,70],"_links":{"self":[{"href":"http:\/\/niecodziennosc.kubic.info\/index.php?rest_route=\/wp\/v2\/posts\/7647"}],"collection":[{"href":"http:\/\/niecodziennosc.kubic.info\/index.php?rest_route=\/wp\/v2\/posts"}],"about":[{"href":"http:\/\/niecodziennosc.kubic.info\/index.php?rest_route=\/wp\/v2\/types\/post"}],"author":[{"embeddable":true,"href":"http:\/\/niecodziennosc.kubic.info\/index.php?rest_route=\/wp\/v2\/users\/1"}],"replies":[{"embeddable":true,"href":"http:\/\/niecodziennosc.kubic.info\/index.php?rest_route=%2Fwp%2Fv2%2Fcomments&post=7647"}],"version-history":[{"count":0,"href":"http:\/\/niecodziennosc.kubic.info\/index.php?rest_route=\/wp\/v2\/posts\/7647\/revisions"}],"wp:attachment":[{"href":"http:\/\/niecodziennosc.kubic.info\/index.php?rest_route=%2Fwp%2Fv2%2Fmedia&parent=7647"}],"wp:term":[{"taxonomy":"category","embeddable":true,"href":"http:\/\/niecodziennosc.kubic.info\/index.php?rest_route=%2Fwp%2Fv2%2Fcategories&post=7647"},{"taxonomy":"post_tag","embeddable":true,"href":"http:\/\/niecodziennosc.kubic.info\/index.php?rest_route=%2Fwp%2Fv2%2Ftags&post=7647"}],"curies":[{"name":"wp","href":"https:\/\/api.w.org\/{rel}","templated":true}]}}