{"id":7648,"date":"2013-06-18T07:43:51","date_gmt":"2013-06-18T05:43:51","guid":{"rendered":"http:\/\/niecodziennosc.kubic.info\/index.php\/2013\/06\/18\/konczy-sie-wiosna\/"},"modified":"2013-06-18T07:43:51","modified_gmt":"2013-06-18T05:43:51","slug":"konczy-sie-wiosna","status":"publish","type":"post","link":"http:\/\/niecodziennosc.kubic.info\/?p=7648","title":{"rendered":"Ko\u0144czy si\u0119 wiosna"},"content":{"rendered":"<p>Teraz s\u0105 dni, kt\u00f3re si\u0119 nie ko\u0144cz\u0105, raczej zachodz\u0105 jedne na drugie. Mi\u0119dzy nimi pr\u00f3buje si\u0119 wcisn\u0105 cho\u0107 skrawek nocy, lecz ledwo spr\u00f3buje, ju\u017c si\u0119 poddaje. To p\u00f3\u017ana wiosna i pocz\u0105tek lata.<\/p>\n<p>Wydaje si\u0119, \u017ce mo\u017cna zrobi\u0107 tak wiele, i \u017ce nie trzeba spa\u0107. Ale to nieprawda. Zn\u00f3w, \u017ceby co\u015b zrobi\u0107, trzeba czemu\u015b dzia\u0142a\u0107 na przek\u00f3r. <\/p>\n","protected":false},"excerpt":{"rendered":"<p>Teraz s\u0105 dni, kt\u00f3re &#8230;<\/p>\n","protected":false},"author":1,"featured_media":0,"comment_status":"open","ping_status":"open","sticky":false,"template":"","format":"standard","meta":{"footnotes":""},"categories":[50],"tags":[327],"_links":{"self":[{"href":"http:\/\/niecodziennosc.kubic.info\/index.php?rest_route=\/wp\/v2\/posts\/7648"}],"collection":[{"href":"http:\/\/niecodziennosc.kubic.info\/index.php?rest_route=\/wp\/v2\/posts"}],"about":[{"href":"http:\/\/niecodziennosc.kubic.info\/index.php?rest_route=\/wp\/v2\/types\/post"}],"author":[{"embeddable":true,"href":"http:\/\/niecodziennosc.kubic.info\/index.php?rest_route=\/wp\/v2\/users\/1"}],"replies":[{"embeddable":true,"href":"http:\/\/niecodziennosc.kubic.info\/index.php?rest_route=%2Fwp%2Fv2%2Fcomments&post=7648"}],"version-history":[{"count":0,"href":"http:\/\/niecodziennosc.kubic.info\/index.php?rest_route=\/wp\/v2\/posts\/7648\/revisions"}],"wp:attachment":[{"href":"http:\/\/niecodziennosc.kubic.info\/index.php?rest_route=%2Fwp%2Fv2%2Fmedia&parent=7648"}],"wp:term":[{"taxonomy":"category","embeddable":true,"href":"http:\/\/niecodziennosc.kubic.info\/index.php?rest_route=%2Fwp%2Fv2%2Fcategories&post=7648"},{"taxonomy":"post_tag","embeddable":true,"href":"http:\/\/niecodziennosc.kubic.info\/index.php?rest_route=%2Fwp%2Fv2%2Ftags&post=7648"}],"curies":[{"name":"wp","href":"https:\/\/api.w.org\/{rel}","templated":true}]}}