{"id":7649,"date":"2013-06-15T20:37:12","date_gmt":"2013-06-15T18:37:12","guid":{"rendered":"http:\/\/niecodziennosc.kubic.info\/index.php\/2013\/06\/15\/dni-cd\/"},"modified":"2013-06-15T20:37:12","modified_gmt":"2013-06-15T18:37:12","slug":"dni-cd","status":"publish","type":"post","link":"http:\/\/niecodziennosc.kubic.info\/?p=7649","title":{"rendered":"Dni &#8211; cd."},"content":{"rendered":"<p>Nie zdawa\u0142em sobie kiedy\u015b sprawy z tego, \u017ce koncert mo\u017cna odegra\u0107 zupe\u0142nie bez emocji. A mo\u017ce jednak si\u0119 myl\u0119? Mo\u017ce to ja nie poczu\u0142em emocji. Wspominam koncert Kory i Maanam, albo Kazika z zespo\u0142em, i jeszcze par\u0119 innych. Fotografowa\u0142em wtedy, a b\u0119d\u0105c pod scen\u0105, w\u0142o\u017cy\u0142em do uszu stopery. Mimo tego trudno by\u0142o mi wytrzyma\u0107 z powodu szalonego wr\u0119cz poziomu d\u017awi\u0119ku. Wspominam te koncerty jak wizyt\u0119 w hali fabrycznej, a nie uczestnictwo w wydarzeniu kulturalnym. Po prostu &#8211; \u017cadnych emocji, \u017cadnych. Po co wi\u0119c gra\u0107? Po co wchodzi\u0107 na scen\u0119? Kiedy po koncercie kto\u015b powiedzia\u0142, \u017ce &#8222;to by\u0142o fantastyczne i wzruszaj\u0105ce&#8221;, na szcz\u0119\u015bcie nie odezwa\u0142em si\u0119 s\u0142owem.<\/p>\n<p>Rzuca\u0142em raz po raz okiem na stanowisko realizatora d\u017awi\u0119ku, kt\u00f3ry w centrum, mi\u0119dzy g\u0142o\u015bnikami i nie tak daleko sceny, leniwie, jakby w spowolnieniu, w nudzie, zajmowa\u0142 si\u0119 nag\u0142o\u015bnieniem. W nim nie widzia\u0142em te\u017c nic, \u017cadnych emocji, nawet skupienia. A mo\u017ce to zn\u00f3w moje z\u0142udzenie? My\u015bl\u0105c o nim by\u0142em pewien, \u017ce jest na wp\u00f3\u0142 g\u0142uchy.<\/p>\n<p>Wspominam koncert Brathank\u00f3w. W niewielkiej, niskiej sali konferencyjnej ustawiono wielkie g\u0142o\u015bniki. Zanim zacz\u0119li gra\u0107 pomy\u015bla\u0142em, \u017ce zdmuchn\u0105 nas, s\u0142uchaczy, i od p\u0119du d\u017awi\u0119kowego, przyj\u0119tego na klat\u0119, zatrzymamy si\u0119 dopiero na tylnej \u015bcianie sali.<\/p>\n<p>Nic podobnego. Przyznam si\u0119, \u017ce nie spodziewa\u0142em si\u0119 po koncercie czego\u015b, co by mnie zachwyci\u0142o. Mo\u017ce w\u0142a\u015bnie dlatego mnie zachwyci\u0142o? Muzyka, kt\u00f3r\u0105 zna\u0142em z radia, zdawa\u0142a mi si\u0119 prosta, nawet prostacka i nie wci\u0105ga\u0142a mnie. Znaj\u0105c za\u015b techniki nagrywania p\u0142yt nie spodziewa\u0142em si\u0119 czego\u015b wielkiego na koncercie. R\u00f3\u017cnice mi\u0119dzy muzyk\u0105 z p\u0142yt, a muzyk\u0105 na koncertach bywaj\u0105 zatrwa\u017caj\u0105ce. Nie m\u00f3wi\u0105c ju\u017c o tym, \u017ce na koncertach grywaj\u0105 wirtualne instrumenty, a nawet wirtualni wokali\u015bci. Nagrany, mechaniczny podk\u0142ad to jeszcze drobnostka. Nie ma znaczenia to, \u017ce sam wokalista stoi na scenie, trz\u0119sie mikrofonem przed rozdzieraj\u0105co otwart\u0105 twarz\u0105. Sorry&#8230;.! Sam nag\u0142a\u015bnia\u0142em pewnego artyst\u0119, kt\u00f3ry na pr\u00f3bie surowo nakaza\u0142 mi wy\u0142\u0105czy\u0107 mikrofon na drugiej zwrotce. Pot sp\u0142ywaj\u0105cy mu z czo\u0142a by\u0142 prawdziwy (chyba). <\/p>\n<p>Czy muzycy rzeczywi\u015bcia graj\u0105 i czuj\u0105 &#8211; to si\u0119 pr\u0119dzej czy wie. Kiedy\u015b my\u015bla\u0142em, \u017ce to oszustwo, ale jest to oszustwo tylko dla tych nie za bardzo do\u015bwiadczonych i jeszcze niewprawionych. Przy okazji potwierdzam &#8211; Brathanki naprawd\u0119 tak graj\u0105, jak na p\u0142ycie, a nawet lepiej. Najwyra\u017aniej zesp\u00f3\u0142 poczu\u0142 i pop\u0142yn\u0105\u0142 na fali s\u0142uchaczy i grali fantastycznie. <\/p>\n<p>Kolejne wspomnienie. Przechodz\u0105c przez Rynek w Krakowie zobaczy\u0142em wielk\u0105 scen\u0119, a na niej zesp\u00f3\u0142 przygotowuj\u0105cy si\u0119 do koncert\u00f3w. Jak to zwykle bywa w takich sytuacjach, jak to i na <em>Dniach Miasteczka<\/em>, o kt\u00f3rych pisa\u0142em &#8211; zwykle s\u0142ycha\u0107 jeden \u0142omot, huk, gromy przetaczaj\u0105 si\u0119, a ju\u017c szczeg\u00f3lnie na Rynku G\u0142\u00f3wnym w Krakowie, gdzie d\u017awi\u0119k kr\u0105\u017cy zamkni\u0119ty mi\u0119dzy \u015bcianami wielopi\u0119trowych kamienic.<\/p>\n<p>W pewnym momencie zesp\u00f3\u0142 zacz\u0105\u0142 gra\u0107. I od pierwszych d\u017awi\u0119k\u00f3w s\u0142ysz\u0119, \u017ce ludzie w zespole czuj\u0105 si\u0119 &#8211; od razu, od jednej chwili. \u017be ka\u017cdy d\u017awi\u0119k ma swoj\u0105 intencj\u0119, mie\u015bci si\u0119 w\u015br\u00f3d innych, zar\u00f3wno tych blisko jak i tych daleko. Bez \u0142omotu! Po minucie czy dw\u00f3ch przestali gra\u0107, i po\u017ca\u0142owa\u0142em, \u017ce by\u0142a to tylko pr\u00f3ba.<\/p>\n<p>A mo\u017ce w\u0142a\u015bnie dlatego, \u017ce by\u0142a to pr\u00f3ba?<br \/>Bo pami\u0119tam pr\u00f3b\u0119 pewnego jazzuj\u0105cego zespo\u0142u z mi\u0142\u0105, znan\u0105 w Polsce wokalistk\u0105. Pr\u00f3ba by\u0142a fantastyczna, p\u0142yn\u0119\u0142a od emocji do emocji, z w\u0142a\u015bciwym ich rytmem, prosto, otwarcie, z zabaw\u0105. Za\u015b koncert sta\u0142 si\u0119 dr\u0119twy. I jakby napuszony, pe\u0142en zgrywy, pozowania. Nie mog\u0142em tego s\u0142ucha\u0107 i dziwi\u0142em si\u0119, gdzie zgin\u0105\u0142 ten luz, szczero\u015b\u0107 i prosta zabawa&#8230;<\/p>\n<p>Ostatnie wspomnienie. Stoj\u0119 w kulisach opery w Stuttgarcie. Za chwil\u0119 rozpocznie si\u0119 <em>Czarodziejski flet<\/em>. Jeszcze nie wiem, co mnie czeka. Przy zamkni\u0119tej kurtynie orkiestra gra uwertur\u0119. Potem podnosi si\u0119 kurtyna, na scen\u0119 wchodzi artysta ubrany w zwyk\u0142e ubranie, nie r\u00f3\u017cni\u0105ce zbytnio si\u0119 od tego, jakie nosz\u0105 ludzie na ulicy w Stuttgarcie (taki kostium i scenografia). Jeszcze kilka sekund, a ja dalej nie wiem, co za chwil\u0119 poczuj\u0119. Zaczyna \u015bpiewa\u0107, a mnie co\u015b si\u0119 nie zgadza. Bo s\u0142ysz\u0119 d\u017awi\u0119ki solisty i towarzysz\u0105cej mu orkiestry dok\u0142adnie tak, jakbym w\u0142a\u015bnie w\u0142\u0105czy\u0142 \u015bwietne nagranie opery. To nagranie dobiega jednak wprost od wykonawc\u00f3w. Nie ma \u017cadnych g\u0142o\u015bnik\u00f3w, ani realizatora, kt\u00f3ry w razie czego wy\u0142\u0105czy \u015bpiewakowi mikrofon na drugiej zwrotce. Oni to robi\u0105 naprawd\u0119.<\/p>\n","protected":false},"excerpt":{"rendered":"<p>Nie zdawa\u0142em sobie &#8230;<\/p>\n","protected":false},"author":1,"featured_media":0,"comment_status":"open","ping_status":"open","sticky":false,"template":"","format":"standard","meta":{"footnotes":""},"categories":[27],"tags":[867,719,885,875,898],"_links":{"self":[{"href":"http:\/\/niecodziennosc.kubic.info\/index.php?rest_route=\/wp\/v2\/posts\/7649"}],"collection":[{"href":"http:\/\/niecodziennosc.kubic.info\/index.php?rest_route=\/wp\/v2\/posts"}],"about":[{"href":"http:\/\/niecodziennosc.kubic.info\/index.php?rest_route=\/wp\/v2\/types\/post"}],"author":[{"embeddable":true,"href":"http:\/\/niecodziennosc.kubic.info\/index.php?rest_route=\/wp\/v2\/users\/1"}],"replies":[{"embeddable":true,"href":"http:\/\/niecodziennosc.kubic.info\/index.php?rest_route=%2Fwp%2Fv2%2Fcomments&post=7649"}],"version-history":[{"count":0,"href":"http:\/\/niecodziennosc.kubic.info\/index.php?rest_route=\/wp\/v2\/posts\/7649\/revisions"}],"wp:attachment":[{"href":"http:\/\/niecodziennosc.kubic.info\/index.php?rest_route=%2Fwp%2Fv2%2Fmedia&parent=7649"}],"wp:term":[{"taxonomy":"category","embeddable":true,"href":"http:\/\/niecodziennosc.kubic.info\/index.php?rest_route=%2Fwp%2Fv2%2Fcategories&post=7649"},{"taxonomy":"post_tag","embeddable":true,"href":"http:\/\/niecodziennosc.kubic.info\/index.php?rest_route=%2Fwp%2Fv2%2Ftags&post=7649"}],"curies":[{"name":"wp","href":"https:\/\/api.w.org\/{rel}","templated":true}]}}