{"id":7655,"date":"2013-06-07T00:22:06","date_gmt":"2013-06-06T22:22:06","guid":{"rendered":"http:\/\/niecodziennosc.kubic.info\/index.php\/2013\/06\/07\/dobranoc\/"},"modified":"2013-06-07T00:22:06","modified_gmt":"2013-06-06T22:22:06","slug":"dobranoc","status":"publish","type":"post","link":"http:\/\/niecodziennosc.kubic.info\/?p=7655","title":{"rendered":"dobranoc&#8230;."},"content":{"rendered":"<p>Dzi\u015b zacz\u0105\u0142em pisa\u0107 list\u0119 spraw, kt\u00f3re powinienem zrobi\u0107. Uratowa\u0107 mo\u017ce mnie tylko spok\u00f3j i nie zastanawianie si\u0119 zbytnie, jak ja to wszystko przerobi\u0119. Ale spokoju te\u017c nie mam. Ekscytacja mi si\u0119 podoba, cho\u0107 jest zab\u00f3jcza.<\/p>\n<p>Po pierwsze, powinienem i\u015b\u0107 spa\u0107. Tak wi\u0119c &#8211; dobranoc. Wreszcie&#8230;&#8230;.<\/p>\n<p>Ale zanim &#8211; niech przypomn\u0119 sobie szczekanie ps\u00f3w, kt\u00f3re dzisiaj s\u0142ysza\u0142em. Szum m\u0142odych li\u015bci. Gwar os\u00f3b na ulicy, przy stolikach, w tramwaju&#8230;. Niech pomy\u015bl\u0119, czy mo\u017ce przypadkiem nie objawi\u0142a si\u0119 jasna i jednoznaczna odpowied\u017a na pytanie, jak ten ca\u0142y \u015bwiat si\u0119 kr\u0119ci. Bo cho\u0107 wida\u0107 symptomy, to g\u0142\u00f3wny mechanizm pozostaje gdzie\u015b &#8222;pod sk\u00f3r\u0105&#8221;, &#8222;z ty\u0142u g\u0142owy&#8221;. Czuj\u0119 go prawie przez ca\u0142y czas, i to nie pozwala mi tak po prostu prze\u017cy\u0107 dnia.<\/p>\n<p>Opr\u00f3cz listy spraw, kt\u00f3re powinienem zrobi\u0107, powinienem zrobi\u0107 list\u0119 rzeczy, kt\u00f3re koniecznie trzeba zostawi\u0107 z boku. &#8222;Twitter&#8221;, to pierwsza z nich. Jestem ju\u017c nie taki m\u0142ody, a ci\u0105gle daj\u0105 si\u0119 prowokowa\u0107 m\u0142odzie\u0144czym, nieproduktywnym fascynacjom.<\/p>\n<p><img fetchpriority=\"high\" decoding=\"async\" title=\"fot. Piotr Kubic\" src=\"wp-content\/uploads\/2019\/03\/11_cierpliwosc__czerwiec.jpg\" alt=\"cierpliwo\u015b\u0107, fot. Piotr Kubic\" width=\"500\" height=\"333\" \/><\/p>\n<p style=\"padding-left: 30px;\">\u00a0<\/p>\n<p style=\"padding-left: 30px;\"><em>Leciutko k\u0142ad\u0119<\/em><br \/><em>r\u0119k\u0119 na pier\u015b<\/em><br \/><em>nie, nie umar\u0142em<\/em><br \/><em>czekam na deszcz<\/em><br \/><em>b\u0119dzie czerwony<\/em><br \/><em>b\u0119dzie go w br\u00f3d<\/em><br \/><em>lekko u\u015bpiony<\/em><br \/><em>czekam na cud<\/em><\/p>\n<p>(p\u0142yta MWNH, cytuj\u0119 z pami\u0119ci&#8230;.)<\/p>\n","protected":false},"excerpt":{"rendered":"<p>Dzi\u015b zacz\u0105\u0142em pisa\u0107 &#8230;<\/p>\n","protected":false},"author":1,"featured_media":0,"comment_status":"open","ping_status":"open","sticky":false,"template":"","format":"standard","meta":{"footnotes":""},"categories":[50],"tags":[532,327,551],"_links":{"self":[{"href":"http:\/\/niecodziennosc.kubic.info\/index.php?rest_route=\/wp\/v2\/posts\/7655"}],"collection":[{"href":"http:\/\/niecodziennosc.kubic.info\/index.php?rest_route=\/wp\/v2\/posts"}],"about":[{"href":"http:\/\/niecodziennosc.kubic.info\/index.php?rest_route=\/wp\/v2\/types\/post"}],"author":[{"embeddable":true,"href":"http:\/\/niecodziennosc.kubic.info\/index.php?rest_route=\/wp\/v2\/users\/1"}],"replies":[{"embeddable":true,"href":"http:\/\/niecodziennosc.kubic.info\/index.php?rest_route=%2Fwp%2Fv2%2Fcomments&post=7655"}],"version-history":[{"count":0,"href":"http:\/\/niecodziennosc.kubic.info\/index.php?rest_route=\/wp\/v2\/posts\/7655\/revisions"}],"wp:attachment":[{"href":"http:\/\/niecodziennosc.kubic.info\/index.php?rest_route=%2Fwp%2Fv2%2Fmedia&parent=7655"}],"wp:term":[{"taxonomy":"category","embeddable":true,"href":"http:\/\/niecodziennosc.kubic.info\/index.php?rest_route=%2Fwp%2Fv2%2Fcategories&post=7655"},{"taxonomy":"post_tag","embeddable":true,"href":"http:\/\/niecodziennosc.kubic.info\/index.php?rest_route=%2Fwp%2Fv2%2Ftags&post=7655"}],"curies":[{"name":"wp","href":"https:\/\/api.w.org\/{rel}","templated":true}]}}