{"id":7659,"date":"2013-06-01T23:38:29","date_gmt":"2013-06-01T21:38:29","guid":{"rendered":"http:\/\/niecodziennosc.kubic.info\/index.php\/2013\/06\/01\/dziekuje\/"},"modified":"2019-05-05T01:42:14","modified_gmt":"2019-05-04T23:42:14","slug":"dziekuje","status":"publish","type":"post","link":"http:\/\/niecodziennosc.kubic.info\/?p=7659","title":{"rendered":"Dzi\u0119kuj\u0119"},"content":{"rendered":"<p><span class=\"userContent\" data-ft=\"{&quot;tn&quot;:&quot;K&quot;}\">Dzi\u0119kuj\u0119 Wam za dzisiejszy wernisa\u017c. Kto\u015b w mojej sytuacji mo\u017ce oczywi\u015bcie robi\u0107 to, co robi (fotografuje i wystawia) tylko dla samego siebie, dla w\u0142asnej pasji, dla idei, dla zabicia czasu i tak dalej. Ale je\u015bli jednak na wernisa\u017cu pojawi\u0105 si\u0119 go\u015bcie, to&#8230;. pozostawiam ten fakt bez komentarza. Kto prze\u017cy\u0142, ten wie, kto nie wie, to z mojego tu pisania si\u0119 nie dowie<\/span>&#65279;.\u00a0<\/p>\n<p><span class=\"userContent\" data-ft=\"{&quot;tn&quot;:&quot;K&quot;}\">Refleksja (2). Takie przedsi\u0119wzi\u0119cia jak cho\u0107by malutka wystawa przypominaj\u0105, \u017ce bez \u017cyczliwych ludzi i ich zaanga\u017cowania to wszystko jest ma\u0142o warte. Dzi\u0119kuj\u0119 tym, kt\u00f3rzy dok\u0142adali si\u0119 od pocz\u0105tku jak i tym, kt\u00f3rzy w ostatniej chwili dorzucili co trzeba. Cz\u0142owiek stoi tym, co zrobi\u0105 dla niego inni<\/span>&#65279;.\u00a0<\/p>\n","protected":false},"excerpt":{"rendered":"<p><span ...\n<\/p>\n","protected":false},"author":1,"featured_media":0,"comment_status":"open","ping_status":"open","sticky":false,"template":"","format":"standard","meta":{"footnotes":""},"categories":[27,909],"tags":[874,38,876],"_links":{"self":[{"href":"http:\/\/niecodziennosc.kubic.info\/index.php?rest_route=\/wp\/v2\/posts\/7659"}],"collection":[{"href":"http:\/\/niecodziennosc.kubic.info\/index.php?rest_route=\/wp\/v2\/posts"}],"about":[{"href":"http:\/\/niecodziennosc.kubic.info\/index.php?rest_route=\/wp\/v2\/types\/post"}],"author":[{"embeddable":true,"href":"http:\/\/niecodziennosc.kubic.info\/index.php?rest_route=\/wp\/v2\/users\/1"}],"replies":[{"embeddable":true,"href":"http:\/\/niecodziennosc.kubic.info\/index.php?rest_route=%2Fwp%2Fv2%2Fcomments&post=7659"}],"version-history":[{"count":1,"href":"http:\/\/niecodziennosc.kubic.info\/index.php?rest_route=\/wp\/v2\/posts\/7659\/revisions"}],"predecessor-version":[{"id":9014,"href":"http:\/\/niecodziennosc.kubic.info\/index.php?rest_route=\/wp\/v2\/posts\/7659\/revisions\/9014"}],"wp:attachment":[{"href":"http:\/\/niecodziennosc.kubic.info\/index.php?rest_route=%2Fwp%2Fv2%2Fmedia&parent=7659"}],"wp:term":[{"taxonomy":"category","embeddable":true,"href":"http:\/\/niecodziennosc.kubic.info\/index.php?rest_route=%2Fwp%2Fv2%2Fcategories&post=7659"},{"taxonomy":"post_tag","embeddable":true,"href":"http:\/\/niecodziennosc.kubic.info\/index.php?rest_route=%2Fwp%2Fv2%2Ftags&post=7659"}],"curies":[{"name":"wp","href":"https:\/\/api.w.org\/{rel}","templated":true}]}}