{"id":7660,"date":"2013-05-31T11:39:11","date_gmt":"2013-05-31T09:39:11","guid":{"rendered":"http:\/\/niecodziennosc.kubic.info\/index.php\/2013\/05\/31\/zapowiedz-wystawy-w-radiu-krakow\/"},"modified":"2013-05-31T11:39:11","modified_gmt":"2013-05-31T09:39:11","slug":"zapowiedz-wystawy-w-radiu-krakow","status":"publish","type":"post","link":"http:\/\/niecodziennosc.kubic.info\/?p=7660","title":{"rendered":"Zapowied\u017a wystawy w Radiu Krak\u00f3w"},"content":{"rendered":"<p>Zapowiadam wystaw\u0119 Faza 2:240 w Radiu Krak\u00f3w. Wi\u0119cej o samej wystawie mo\u017cna przeczyta\u0107 <a title=\"Piotr Kubic wystawa fotografii\" href=\"http:\/\/www.bagatela.pl\/O_teatrze\/Aktualno%C5%9Bci\/1652-Faza_2:240_-_wystawa_fotografii.html\" target=\"_blank\" rel=\"noopener noreferrer\">tutaj, na stronie Teatru Bagatela<\/a> \ud83d\ude42<\/p>\n<p>Zapraszam jutro na wernisa\u017c!<\/p>\n<p>Teatr Bagatela, Scena przy ul. Sarego 7 w Krakowie, godz. 17.00. Wystawa potrwa dwa tygodnie i zako\u0144czy si\u0119 w Noc Teatr\u00f3w. Ogl\u0105da\u0107 j\u0105 mo\u017cna na godzin\u0119 przed spektaklami oraz w trakcie ich trwania.<\/p>\n<p>\u00a0<\/p>\n<p><iframe width=\"420\" height=\"315\" src=\"http:\/\/www.youtube.com\/embed\/Ho9O53h2YxE?rel=0\" frameborder=\"0\"><\/iframe><\/p>\n","protected":false},"excerpt":{"rendered":"<p>Zapowiadam wystaw\u0119 &#8230;<\/p>\n","protected":false},"author":1,"featured_media":0,"comment_status":"open","ping_status":"open","sticky":false,"template":"","format":"standard","meta":{"footnotes":""},"categories":[35],"tags":[625,880,70],"_links":{"self":[{"href":"http:\/\/niecodziennosc.kubic.info\/index.php?rest_route=\/wp\/v2\/posts\/7660"}],"collection":[{"href":"http:\/\/niecodziennosc.kubic.info\/index.php?rest_route=\/wp\/v2\/posts"}],"about":[{"href":"http:\/\/niecodziennosc.kubic.info\/index.php?rest_route=\/wp\/v2\/types\/post"}],"author":[{"embeddable":true,"href":"http:\/\/niecodziennosc.kubic.info\/index.php?rest_route=\/wp\/v2\/users\/1"}],"replies":[{"embeddable":true,"href":"http:\/\/niecodziennosc.kubic.info\/index.php?rest_route=%2Fwp%2Fv2%2Fcomments&post=7660"}],"version-history":[{"count":0,"href":"http:\/\/niecodziennosc.kubic.info\/index.php?rest_route=\/wp\/v2\/posts\/7660\/revisions"}],"wp:attachment":[{"href":"http:\/\/niecodziennosc.kubic.info\/index.php?rest_route=%2Fwp%2Fv2%2Fmedia&parent=7660"}],"wp:term":[{"taxonomy":"category","embeddable":true,"href":"http:\/\/niecodziennosc.kubic.info\/index.php?rest_route=%2Fwp%2Fv2%2Fcategories&post=7660"},{"taxonomy":"post_tag","embeddable":true,"href":"http:\/\/niecodziennosc.kubic.info\/index.php?rest_route=%2Fwp%2Fv2%2Ftags&post=7660"}],"curies":[{"name":"wp","href":"https:\/\/api.w.org\/{rel}","templated":true}]}}