{"id":7662,"date":"2013-05-27T22:49:56","date_gmt":"2013-05-27T20:49:56","guid":{"rendered":"http:\/\/niecodziennosc.kubic.info\/index.php\/2013\/05\/27\/faza-2-240-otwieram-wystawe-fotografii\/"},"modified":"2013-05-27T22:49:56","modified_gmt":"2013-05-27T20:49:56","slug":"faza-2-240-otwieram-wystawe-fotografii","status":"publish","type":"post","link":"http:\/\/niecodziennosc.kubic.info\/?p=7662","title":{"rendered":"Faza 2\/240. Otwieram wystaw\u0119 fotografii!"},"content":{"rendered":"<p>S\u0105 rzeczy niemal\u017ce nieuchronne. Och, mo\u017cna si\u0119 przed nimi chroni\u0107, czasem kto\u015b ucieka, albo udaje, \u017ce nie widzi. Lecz je\u015bli m\u00f3wi si\u0119 tylko <em>A<\/em>, to po jakim\u015b czasie staje si\u0119 to nudne. Wtedy albo przestaje si\u0119 m\u00f3wi\u0107 w og\u00f3le, albo, si\u0142\u0105 rzeczy, usta same uk\u0142adaj\u0105 si\u0119, nie wiadomo nawet kiedy, w g\u0142osk\u0119 <em>B<\/em>.<\/p>\n<p>Wystawa jest naturaln\u0105 kolej\u0105 rzeczy, je\u015bli robi si\u0119 zdj\u0119cia i nie przestaje. Tym razem b\u0119dzie to nie tylko prezentacja zdj\u0119\u0107, ale r\u00f3wnie\u017c instalacja, w kt\u00f3rej znaczenie zyskaj\u0105 zale\u017cno\u015bci przestrzenne, proporcje ilo\u015bciowe i wielko\u015bciowe. W ostatecznym planie wystawionych ma zosta\u0107 ponad p\u00f3\u0142 tysi\u0105ca fotografii.<\/p>\n<p>Wi\u0119cej na temat <em>ideologicznych w\u0105tk\u00f3w<\/em> wystawy mo\u017cna przeczyta\u0107 na stronie organizatora, Teatru Bagatela: <a href=\"http:\/\/www.bagatela.pl\/O_teatrze\/Aktualno%C5%9Bci\/1652-Faza_2:240_-_wystawa_fotografii.html\" target=\"_blank\" rel=\"noopener noreferrer\">Faza 2\/240<\/a>. Za\u015b poniewa\u017c pisz\u0119 teraz na moim najbardziej prywatnym ze wszystkich blog\u00f3w, nie b\u0119d\u0119 tu prowadzi\u0107 teoretycznych rozwa\u017ca\u0144. Nadmieni\u0119 co innego &#8211; \u017ce zdarza mi si\u0119 rano budzi\u0107 w trwodze.<\/p>\n<p>Gdy obserwowa\u0142em wcze\u015bniej re\u017cyser\u00f3w, przed premierami, przewa\u017cnie dziwi\u0142em si\u0119 ich emocjom. Panice te\u017c, a jak\u017ce. Dziwi\u0142em si\u0119, nawet je\u015bli wcze\u015bniej sam r\u00f3wnie\u017c by\u0142em w podobnych sytuacjach &#8211; gra\u0142em egzaminy, koncerty, przemawia\u0142em, otwiera\u0142em wystawy te\u017c. I co z tego? Za ka\u017cdym razem, gdy pr\u00f3buje si\u0119 zrobi\u0107 co\u015b nowego, wyp\u0142yn\u0105\u0107 na mniej znane dot\u0105d wody, pojawia si\u0119 to samo &#8211; z\u0142e przeczucie, pieter, cykor.<\/p>\n<p><img fetchpriority=\"high\" decoding=\"async\" src=\"wp-content\/uploads\/2019\/03\/Faza2240plakat_500px.jpg\" alt=\"Faza 2\/240, Wystawa fotografii, Piotr Kubic\" width=\"500\" height=\"529\" \/><\/p>\n<p>Zosta\u0142o jeszcze mn\u00f3stwo do zrobienia. Lecz nie roboty si\u0119 obawiam, ale tego, \u017ce trzeba b\u0119dzie podj\u0105\u0107 sporo decyzji, o kt\u00f3rych przypuszczalnie jeszcze nie wiem. \u017be w umy\u015ble braknie miejsca na te najbardziej konieczne zadania, \u017ce co\u015b nie z\u0142o\u017cy si\u0119 w czasie, \u017ce przelicz\u0119 si\u0119 mimo tego, \u017ce od miesi\u0119cy mam w g\u0142owie to, co chcia\u0142bym zrobi\u0107.<\/p>\n<p>Wernisa\u017c odb\u0119dzie si\u0119 1 czerwca w Teatrze Bagatela w Krakowie, na Scenie przy ul. Sarego 7, godz. 17:00. <\/p>\n","protected":false},"excerpt":{"rendered":"<p>S\u0105 rzeczy niemal\u017ce &#8230;<\/p>\n","protected":false},"author":1,"featured_media":0,"comment_status":"open","ping_status":"open","sticky":false,"template":"","format":"standard","meta":{"footnotes":""},"categories":[35],"tags":[339,865,755,880,70],"_links":{"self":[{"href":"http:\/\/niecodziennosc.kubic.info\/index.php?rest_route=\/wp\/v2\/posts\/7662"}],"collection":[{"href":"http:\/\/niecodziennosc.kubic.info\/index.php?rest_route=\/wp\/v2\/posts"}],"about":[{"href":"http:\/\/niecodziennosc.kubic.info\/index.php?rest_route=\/wp\/v2\/types\/post"}],"author":[{"embeddable":true,"href":"http:\/\/niecodziennosc.kubic.info\/index.php?rest_route=\/wp\/v2\/users\/1"}],"replies":[{"embeddable":true,"href":"http:\/\/niecodziennosc.kubic.info\/index.php?rest_route=%2Fwp%2Fv2%2Fcomments&post=7662"}],"version-history":[{"count":0,"href":"http:\/\/niecodziennosc.kubic.info\/index.php?rest_route=\/wp\/v2\/posts\/7662\/revisions"}],"wp:attachment":[{"href":"http:\/\/niecodziennosc.kubic.info\/index.php?rest_route=%2Fwp%2Fv2%2Fmedia&parent=7662"}],"wp:term":[{"taxonomy":"category","embeddable":true,"href":"http:\/\/niecodziennosc.kubic.info\/index.php?rest_route=%2Fwp%2Fv2%2Fcategories&post=7662"},{"taxonomy":"post_tag","embeddable":true,"href":"http:\/\/niecodziennosc.kubic.info\/index.php?rest_route=%2Fwp%2Fv2%2Ftags&post=7662"}],"curies":[{"name":"wp","href":"https:\/\/api.w.org\/{rel}","templated":true}]}}