{"id":7663,"date":"2013-05-26T00:59:42","date_gmt":"2013-05-25T22:59:42","guid":{"rendered":"http:\/\/niecodziennosc.kubic.info\/index.php\/2013\/05\/26\/amelia\/"},"modified":"2019-05-05T01:42:14","modified_gmt":"2019-05-04T23:42:14","slug":"amelia","status":"publish","type":"post","link":"http:\/\/niecodziennosc.kubic.info\/?p=7663","title":{"rendered":"Amelia"},"content":{"rendered":"<p>Ci\u0105gle jeszcze my\u015bl\u0119 o dzisiejszej wizycie na basenie. B\u0119d\u0105c ju\u017c w wodzie dostrzegli\u015bmy (Beni i ja) wychodz\u0105c\u0105 z szatni kole\u017cank\u0119 Beniego. Szepn\u0105\u0142em mu do ucha (a siedzieli\u015bmy w jacuzzi): jak ma na imi\u0119? Amelka.<\/p>\n<p>Pami\u0119tam j\u0105 od pierwszych dni, gdy maluchy, zostawiane na si\u0142\u0119 przez rodzic\u00f3w, chlipa\u0142y na kolanach przedszkolanek. Ten okres ju\u017c min\u0105\u0142. Ale Amelka od zawsze mia\u0142a twarz doros\u0142ej osoby. Na czym to polega? Musz\u0119 jeszcze nad tym pomy\u015ble\u0107. Do\u015b\u0107, \u017ce dzi\u015b na basenie by\u0142a w towarzystwie du\u017co starszej siostry oraz babci.<\/p>\n<p>Do Amelki pr\u00f3bowa\u0142em zagada\u0107, gdy ju\u017c w czw\u00f3rk\u0119 grzali\u015bmy si\u0119 w bulgocz\u0105cej wodzie. Lecz ledwo zada\u0142em pytanie i min\u0119\u0142y mo\u017ce trzy sekundy, odzywa\u0142a si\u0119 babcia, tonem upominaj\u0105cym, instruuj\u0105cym, wyja\u015bniaj\u0105cym, zach\u0119caj\u0105cym. Patrz\u0105c, jak doros\u0142a twarz pi\u0119cioletniej Amelki zastanawia si\u0119 nad odpowiedzi\u0105, i jak raz po raz przerywa jej tok my\u015blenia oczywista babcina oczywisto\u015b\u0107, sam dziwi\u0142em si\u0119 sobie, \u017ce jeszcze nie buchn\u0105\u0142em w\u015bciek\u0142o\u015bci\u0105. (Dzi\u0119kuj\u0119 tu wszystkim, na kt\u00f3rych mog\u0119 si\u0119 wzorowa\u0107, by nie okazywa\u0107 na zewn\u0105trz tego, co mam w \u015brodku.)<\/p>\n<p>Nie, nie jestem \u015bwi\u0119ty. I dzi\u015b z\u0142apa\u0142em si\u0119 na tym, \u017ce mam dla w\u0142asnych dzieci nieustaj\u0105ce instrukcje, upomnienia, wyja\u015bnienia, polecenia, zach\u0119ty i tak dalej. \u017be ju\u017c zapominam, jak brzmi m\u00f3j g\u0142os, zwracaj\u0105cy si\u0119 do nich <em>tak po prostu<\/em>. \u017be zmieniam si\u0119 w nad\u015bwiadomego swojej misji policjanta, kt\u00f3ry nawet nie patrzy spokojnie w twarz dziecka, lecz od razu wszystko wie. <\/p>\n<p>Popatrze\u0107 w twarz Amelki, u\u015bmiechn\u0105\u0107 si\u0119 i zaraz spu\u015bci\u0107 oczy, by nie wkroczy\u0107 zbyt mocno&#8230;.<\/p>\n","protected":false},"excerpt":{"rendered":"<p>Ci\u0105gle jeszcze my\u015bl\u0119 &#8230;<\/p>\n","protected":false},"author":1,"featured_media":0,"comment_status":"open","ping_status":"open","sticky":false,"template":"","format":"standard","meta":{"footnotes":""},"categories":[50,909],"tags":[373,38],"_links":{"self":[{"href":"http:\/\/niecodziennosc.kubic.info\/index.php?rest_route=\/wp\/v2\/posts\/7663"}],"collection":[{"href":"http:\/\/niecodziennosc.kubic.info\/index.php?rest_route=\/wp\/v2\/posts"}],"about":[{"href":"http:\/\/niecodziennosc.kubic.info\/index.php?rest_route=\/wp\/v2\/types\/post"}],"author":[{"embeddable":true,"href":"http:\/\/niecodziennosc.kubic.info\/index.php?rest_route=\/wp\/v2\/users\/1"}],"replies":[{"embeddable":true,"href":"http:\/\/niecodziennosc.kubic.info\/index.php?rest_route=%2Fwp%2Fv2%2Fcomments&post=7663"}],"version-history":[{"count":1,"href":"http:\/\/niecodziennosc.kubic.info\/index.php?rest_route=\/wp\/v2\/posts\/7663\/revisions"}],"predecessor-version":[{"id":9015,"href":"http:\/\/niecodziennosc.kubic.info\/index.php?rest_route=\/wp\/v2\/posts\/7663\/revisions\/9015"}],"wp:attachment":[{"href":"http:\/\/niecodziennosc.kubic.info\/index.php?rest_route=%2Fwp%2Fv2%2Fmedia&parent=7663"}],"wp:term":[{"taxonomy":"category","embeddable":true,"href":"http:\/\/niecodziennosc.kubic.info\/index.php?rest_route=%2Fwp%2Fv2%2Fcategories&post=7663"},{"taxonomy":"post_tag","embeddable":true,"href":"http:\/\/niecodziennosc.kubic.info\/index.php?rest_route=%2Fwp%2Fv2%2Ftags&post=7663"}],"curies":[{"name":"wp","href":"https:\/\/api.w.org\/{rel}","templated":true}]}}