{"id":7679,"date":"2013-04-22T11:46:16","date_gmt":"2013-04-22T09:46:16","guid":{"rendered":"http:\/\/niecodziennosc.kubic.info\/index.php\/2013\/04\/22\/przychodza-ludzie\/"},"modified":"2013-04-22T11:46:16","modified_gmt":"2013-04-22T09:46:16","slug":"przychodza-ludzie","status":"publish","type":"post","link":"http:\/\/niecodziennosc.kubic.info\/?p=7679","title":{"rendered":"Przychodz\u0105 ludzie"},"content":{"rendered":"<p>Przychodz\u0105 ludzie wyedukowani. Bardzo dobrze wyedukowani. Sko\u0144czyli studia z dobrymi wynikami. S\u0105 te\u017c \u015bwiadomi tego, \u017ce w naszej rzeczywisto\u015bci trzeba pokaza\u0107 swoj\u0105 przydatno\u015b\u0107, aktywno\u015b\u0107. Nie mo\u017cna siedzie\u0107 cicho i czeka\u0107, a\u017c kto\u015b doceni.<\/p>\n<p>W Polsce dyskutowano niedawno w mediach o tym, \u017ce absolwenci uniwersytet\u00f3w nie s\u0105 przygotowani do podj\u0119cia pracy. M\u00f3wiono o tym, \u017ce, statystycznie rzecz bior\u0105c, brakuje m\u0142odym umiej\u0119tno\u015bci &#8222;mi\u0119kkich&#8221; &#8211; komunikacji, negocjacji, pracy zespo\u0142owej. Tak, to jest jedna ze stron medalu.<\/p>\n<p>Ale jest te\u017c inna strona, zwi\u0105zana z wiekiem i do\u015bwiadczeniem. To kwestia wra\u017cliwo\u015bci, kt\u00f3ra, nieodwo\u0142alnie, wi\u0105\u017ce si\u0119 z ilo\u015bci\u0105 prze\u017cytych do\u015bwiadcze\u0144, niestety &#8211; r\u00f3wnie\u017c przykrych. Oraz z czasem po\u015bwi\u0119conym na ich analiz\u0119 i wyci\u0105ganie wniosk\u00f3w. Tutaj zn\u00f3w trudno\u015b\u0107 &#8211; te wnioski koniecznie powinny by\u0107 pozytywne. Wielu ludzi nie przechodzi tego etapu &#8211; poddaje si\u0119, rezygnuje. Nast\u0119pnie &#8211; te wnioski potrzebuj\u0105 dotrze\u0107 do uczu\u0107, przenikn\u0105\u0107 si\u0119 z nimi, sta\u0107 si\u0119 ich nienaruszaln\u0105 cz\u0119\u015bci\u0105. I na to zn\u00f3w potrzeba czasu. <\/p>\n<p>Bardzo potrzebujemy ludzi, kt\u00f3rzy b\u0119d\u0105 w ten spos\u00f3b wra\u017cliwi. Przypominam sobie film o \u015bwietnym saksofoni\u015bcie, kt\u00f3ry nazywa\u0142 si\u0119 Stan Getz. Pami\u0119tam fragment z ko\u0144ca jego \u017cycia, gdy pokazano go, jak z wielkim przej\u0119ciem gra smutn\u0105 melodi\u0119, kt\u00f3ra w filmie staje si\u0119 motywem jego odej\u015bcia. To niewiele d\u017awi\u0119k\u00f3w, w kt\u00f3rych zdaje si\u0119, \u017ce przeni\u00f3s\u0142 ca\u0142y b\u00f3l swojego \u017cycia.<\/p>\n<p>W kontra\u015bcie do niego wspominam muzyka Marcusa Millera. Na jednej z p\u0142yt sprzed kilku lat jawi mi si\u0119 jako pe\u0142en energii, beztroski cz\u0142owiek. Nie chodzi o to, \u017ce starszy cz\u0142owiek nie mo\u017ce by\u0107 beztroski, ale beztroska starszego jest inna. I je\u015bli jeszcze jest dobrym muzykiem, to odciska j\u0105 w d\u017awi\u0119kach tak wyra\u017anie, \u017ce nie spos\u00f3b tego nie zauwa\u017cy\u0107. Oczywi\u015bcie &#8211; zauwa\u017cy\u0107 mo\u017ce kto\u015b, kto t\u0119 w\u0142a\u015bnie beztrosk\u0119 ju\u017c zacz\u0105\u0142 czu\u0107, u siebie. <\/p>\n","protected":false},"excerpt":{"rendered":"<p>Przychodz\u0105 ludzie &#8230;<\/p>\n","protected":false},"author":1,"featured_media":0,"comment_status":"open","ping_status":"open","sticky":false,"template":"","format":"standard","meta":{"footnotes":""},"categories":[50],"tags":[607,70],"_links":{"self":[{"href":"http:\/\/niecodziennosc.kubic.info\/index.php?rest_route=\/wp\/v2\/posts\/7679"}],"collection":[{"href":"http:\/\/niecodziennosc.kubic.info\/index.php?rest_route=\/wp\/v2\/posts"}],"about":[{"href":"http:\/\/niecodziennosc.kubic.info\/index.php?rest_route=\/wp\/v2\/types\/post"}],"author":[{"embeddable":true,"href":"http:\/\/niecodziennosc.kubic.info\/index.php?rest_route=\/wp\/v2\/users\/1"}],"replies":[{"embeddable":true,"href":"http:\/\/niecodziennosc.kubic.info\/index.php?rest_route=%2Fwp%2Fv2%2Fcomments&post=7679"}],"version-history":[{"count":0,"href":"http:\/\/niecodziennosc.kubic.info\/index.php?rest_route=\/wp\/v2\/posts\/7679\/revisions"}],"wp:attachment":[{"href":"http:\/\/niecodziennosc.kubic.info\/index.php?rest_route=%2Fwp%2Fv2%2Fmedia&parent=7679"}],"wp:term":[{"taxonomy":"category","embeddable":true,"href":"http:\/\/niecodziennosc.kubic.info\/index.php?rest_route=%2Fwp%2Fv2%2Fcategories&post=7679"},{"taxonomy":"post_tag","embeddable":true,"href":"http:\/\/niecodziennosc.kubic.info\/index.php?rest_route=%2Fwp%2Fv2%2Ftags&post=7679"}],"curies":[{"name":"wp","href":"https:\/\/api.w.org\/{rel}","templated":true}]}}