{"id":7680,"date":"2013-04-18T00:24:44","date_gmt":"2013-04-17T22:24:44","guid":{"rendered":"http:\/\/niecodziennosc.kubic.info\/index.php\/2013\/04\/18\/od-miedzy-do-miedzy\/"},"modified":"2013-04-18T00:24:44","modified_gmt":"2013-04-17T22:24:44","slug":"od-miedzy-do-miedzy","status":"publish","type":"post","link":"http:\/\/niecodziennosc.kubic.info\/?p=7680","title":{"rendered":"Od miedzy do miedzy"},"content":{"rendered":"<p>Zimno, ciep\u0142o. Zimno. W rytm mijanych drzew, budynk\u00f3w. Ch\u0142\u00f3d zn\u00f3w, tam, gdzie cieniem k\u0142adzie si\u0119 kszta\u0142t bloku na zesz\u0142orocznej jeszcze trawie. Popycham rowerek Beniego, od miedzy do miedzy. Przynajmniej tak sobie wyobra\u017cam. Cho\u0107 jedziemy alejk\u0105 osiedla, zwiedzaj\u0105c dzieci\u0119ce place zabaw, to pami\u0119tam, \u017ce kiedy\u015b by\u0142y tu pola. Te miedze pozosta\u0142y w mojej pami\u0119ci, nawet Sara nie mo\u017ce o nich wiedzie\u0107, cho\u0107 teraz \u015bmiga t\u0119dy rowerem. Tutaj stawa\u0142a para koni, z wozu zdejmowano p\u0142ug, kt\u00f3ry za chwil\u0119 mia\u0142y ci\u0105gn\u0105\u0107, pochylaj\u0105c g\u0142owy na d\u0142ugich szyjach, z wysi\u0142kiem, krok za krokiem.<\/p>\n<p>Powiewa pranie rozwieszone na balkonach, na czwartym pi\u0119trze, porusza nim zimny wiatr, tak samo jak tamtymi czasy, gdy sta\u0142a tu chata i mi\u0119dzy jab\u0142onkami przeci\u0105gni\u0119to szary sznur do wieszania bielizny.<\/p>\n<p>Przy szkole stoj\u0105cej nad opadaj\u0105cym stromo stokiem &#8211; plac zabaw, jak wirtualny, wy\u0142o\u017cony mi\u0119kk\u0105 kostk\u0105, ogrodzony, z regulaminem przy wej\u015bciu, pouczaj\u0105cym i zabraniaj\u0105cym wszystkiego, co niezgodne z przeznaczeniem. Stoj\u0105cy tu kiedy\u015b sad nie mia\u0142 instrukcji chodzenia po drzewach; dzieci, ci\u0105gn\u0105c po ziemi wyrwane z chaszczy <a href=\"http:\/\/sxvii.pl\/index.php?strona=haslo&amp;id_hasla=2384\" target=\"_blank\" rel=\"noopener noreferrer\">chabiny<\/a> budowa\u0142y w\u0142asny \u015bwiat, z wyobra\u017ani.<\/p>\n<p>Dalej, od miedzy do miedzy, rozrasta si\u0119 cmentarz. Na nim teraz ci, co kiedy\u015b w tej chacie. Gdzie? Tam, przy metalowych, przerdzewia\u0142ych krzy\u017cach, z zatartymi tabliczkami, nawet bez zwyk\u0142ych p\u0142yt z betonu, nie marmuru, i bez mogi\u0142 z ziemi, bo rozmy\u0142y je \u015bniegi i deszcze, przez trzydzie\u015bci lat.<\/p>\n<p>Popycham rowerek Beniamina, a Sara \u015bmiga, bo tutaj cmentarz jeszcze nie ca\u0142kiem si\u0119 rozr\u00f3s\u0142, i jak dobrze popatrze\u0107, to te miedze s\u0105 tu jeszcze, bokiem. Poros\u0142e dzikimi badylami, wspominaj\u0105 mo\u017ce czasy, gdy pszenic\u0119, albo \u017cyto, dzieli\u0142y sob\u0105; i przezroczyste prawie, czerwone p\u0142atki polnych mak\u00f3w.<\/p>\n<p>Od miedzy do miedzy id\u0119 i ja teraz, ci\u0105gle. Tej pierwszej prawie ju\u017c nie pami\u0119tam, t\u0119 drug\u0105 mam gdzie\u015b przed sob\u0105, chyba jeszcze jej nie widz\u0119. Tej, kt\u00f3rej nie przejd\u0119, przy kt\u00f3rej zostan\u0119, cho\u0107 moje dzieci pojad\u0105 rowerkami dalej.<\/p>\n","protected":false},"excerpt":{"rendered":"<p>Zimno, ciep\u0142o. Zimno&#8230;.<\/p>\n","protected":false},"author":1,"featured_media":0,"comment_status":"open","ping_status":"open","sticky":false,"template":"","format":"standard","meta":{"footnotes":""},"categories":[27],"tags":[373,186,269,898],"_links":{"self":[{"href":"http:\/\/niecodziennosc.kubic.info\/index.php?rest_route=\/wp\/v2\/posts\/7680"}],"collection":[{"href":"http:\/\/niecodziennosc.kubic.info\/index.php?rest_route=\/wp\/v2\/posts"}],"about":[{"href":"http:\/\/niecodziennosc.kubic.info\/index.php?rest_route=\/wp\/v2\/types\/post"}],"author":[{"embeddable":true,"href":"http:\/\/niecodziennosc.kubic.info\/index.php?rest_route=\/wp\/v2\/users\/1"}],"replies":[{"embeddable":true,"href":"http:\/\/niecodziennosc.kubic.info\/index.php?rest_route=%2Fwp%2Fv2%2Fcomments&post=7680"}],"version-history":[{"count":0,"href":"http:\/\/niecodziennosc.kubic.info\/index.php?rest_route=\/wp\/v2\/posts\/7680\/revisions"}],"wp:attachment":[{"href":"http:\/\/niecodziennosc.kubic.info\/index.php?rest_route=%2Fwp%2Fv2%2Fmedia&parent=7680"}],"wp:term":[{"taxonomy":"category","embeddable":true,"href":"http:\/\/niecodziennosc.kubic.info\/index.php?rest_route=%2Fwp%2Fv2%2Fcategories&post=7680"},{"taxonomy":"post_tag","embeddable":true,"href":"http:\/\/niecodziennosc.kubic.info\/index.php?rest_route=%2Fwp%2Fv2%2Ftags&post=7680"}],"curies":[{"name":"wp","href":"https:\/\/api.w.org\/{rel}","templated":true}]}}