{"id":7683,"date":"2013-04-07T01:44:00","date_gmt":"2013-04-06T23:44:00","guid":{"rendered":"http:\/\/niecodziennosc.kubic.info\/index.php\/2013\/04\/07\/publicystyka-mnie-meczy\/"},"modified":"2013-04-07T01:44:00","modified_gmt":"2013-04-06T23:44:00","slug":"publicystyka-mnie-meczy","status":"publish","type":"post","link":"http:\/\/niecodziennosc.kubic.info\/?p=7683","title":{"rendered":"Publicystyka mnie m\u0119czy"},"content":{"rendered":"<p>Czuj\u0119 dystans do publicystyki. Przez ponad p\u00f3\u0142 roku \u015bledzi\u0142em <a href=\"http:\/\/www.tokfm.pl\/Tokfm\/0,0.html\" target=\"_blank\" rel=\"noopener noreferrer\">TOKFM<\/a> i pisa\u0142em tam aktywnie bloga. Teraz czuj\u0119 zrezygnowanie, mam wra\u017cenie, \u017ce ca\u0142a ta dyskusja o wydarzeniach w Polsce jest nakr\u0119cana w w\u0105skim gronie komentator\u00f3w i publicyst\u00f3w. Zesp\u00f3\u0142 dziennikarzy co rusz dorzuca do tygla kolejny news kreowany na <em>sensacj\u0119<\/em>, kt\u00f3ra nie tak cz\u0119sto jest sensacj\u0105 wart\u0105 komentowania.<\/p>\n<p>Lecz t\u0142um oburzonych zabiera si\u0119 za przetwarzanie <em>newsa<\/em>, rozpatrywanie go z r\u00f3\u017cnych stron. Niestety, te strony wydaj\u0105 si\u0119 ju\u017c od dawna ustalone. Odnosz\u0119 wra\u017cenie, \u017ce wiadomo raczej, kto i co napisze. I drugie wra\u017cenie &#8211; \u017ce niewiele to zmienia w skali spo\u0142ecze\u0144stwa. Czyli jest to zabawa niszowa, klubowa bym powiedzia\u0142, pasjonat\u00f3w, kt\u00f3rzy niezbyt si\u0119 przejmuj\u0105 tym, czy kto\u015b <em>spoza kr\u0119gu<\/em> ich zrozumie. <\/p>\n<p>Lecz co jeszcze bardziej m\u0119cz\u0105ce &#8211; to j\u0119zyk publicystyczny, wykszta\u0142towany, sprawny, wyp\u0142ywaj\u0105cy niemal automatycznie spod palc\u00f3w stukaj\u0105cych w klawiatur\u0119. Ten j\u0119zyk pe\u0142en ogranych ju\u017c zwrot\u00f3w retorycznych, sztucznie skomplikowany, zap\u0119tlaj\u0105cy si\u0119 sam ze sob\u0105, stwarzaj\u0105cy sam\u0105 form\u0105 wra\u017cenie donios\u0142o\u015bci i racji. Ale to tylko nad\u0119cie, kt\u00f3re jednak cz\u0119sto wydaje si\u0119 nie do przek\u0142ucia.<\/p>\n<p>Mo\u017ce to moja t\u0119sknota za literatur\u0105? Wspominam Etgara Kereta. Jego opowiadania fascynuj\u0105 mnie tym, \u017ce brak w nich uog\u00f3lnie\u0144, analiz wyra\u017conych na poczekaniu. Ludzie z krwi i ko\u015bci, naszkicowani tak, \u017ce czuje si\u0119 ich ka\u017cde \u015bci\u0119gno, widzi wyra\u017anie ka\u017cdy grymas twarzy, pora\u017caj\u0105 swoj\u0105 blisko\u015bci\u0105. Domow\u0105 awantur\u0119 potrafi opisa\u0107 tak, \u017ce na jednej zadrukowanej stronie otrzymujemy obraz ca\u0142ego spo\u0142ecze\u0144stwa, wraz z jego g\u0142\u00f3wnymi problemami.<\/p>\n<p>Publicysta jest jak krytyk (literacki, teatralny itp.) Ogranicza go poruszany temat. Musi te\u017c by\u0107 odpowiednio wyrazisty, zaj\u0105\u0107 okre\u015blone stanowisko, i najlepiej, aby nie by\u0142o zbyt subtelne, bo nie zostanie zrozumiany.<\/p>\n<p>Literat mo\u017ce by\u0107 zupe\u0142nie wolny.<\/p>\n","protected":false},"excerpt":{"rendered":"<p>Czuj\u0119 dystans do &#8230;<\/p>\n","protected":false},"author":1,"featured_media":0,"comment_status":"open","ping_status":"open","sticky":false,"template":"","format":"standard","meta":{"footnotes":""},"categories":[24],"tags":[877,70,655],"_links":{"self":[{"href":"http:\/\/niecodziennosc.kubic.info\/index.php?rest_route=\/wp\/v2\/posts\/7683"}],"collection":[{"href":"http:\/\/niecodziennosc.kubic.info\/index.php?rest_route=\/wp\/v2\/posts"}],"about":[{"href":"http:\/\/niecodziennosc.kubic.info\/index.php?rest_route=\/wp\/v2\/types\/post"}],"author":[{"embeddable":true,"href":"http:\/\/niecodziennosc.kubic.info\/index.php?rest_route=\/wp\/v2\/users\/1"}],"replies":[{"embeddable":true,"href":"http:\/\/niecodziennosc.kubic.info\/index.php?rest_route=%2Fwp%2Fv2%2Fcomments&post=7683"}],"version-history":[{"count":0,"href":"http:\/\/niecodziennosc.kubic.info\/index.php?rest_route=\/wp\/v2\/posts\/7683\/revisions"}],"wp:attachment":[{"href":"http:\/\/niecodziennosc.kubic.info\/index.php?rest_route=%2Fwp%2Fv2%2Fmedia&parent=7683"}],"wp:term":[{"taxonomy":"category","embeddable":true,"href":"http:\/\/niecodziennosc.kubic.info\/index.php?rest_route=%2Fwp%2Fv2%2Fcategories&post=7683"},{"taxonomy":"post_tag","embeddable":true,"href":"http:\/\/niecodziennosc.kubic.info\/index.php?rest_route=%2Fwp%2Fv2%2Ftags&post=7683"}],"curies":[{"name":"wp","href":"https:\/\/api.w.org\/{rel}","templated":true}]}}