{"id":7685,"date":"2013-04-01T21:54:51","date_gmt":"2013-04-01T19:54:51","guid":{"rendered":"http:\/\/niecodziennosc.kubic.info\/index.php\/2013\/04\/01\/bezradny-by-opisac-mnie-w-rumunii\/"},"modified":"2019-05-05T01:42:14","modified_gmt":"2019-05-04T23:42:14","slug":"bezradny-by-opisac-mnie-w-rumunii","status":"publish","type":"post","link":"http:\/\/niecodziennosc.kubic.info\/?p=7685","title":{"rendered":"Bezradny by opisa\u0107 mnie w Rumunii"},"content":{"rendered":"<p>Jestem w Rumunii. Jestem zbyt kr\u00f3tko, by zorientowa\u0107 si\u0119, opisa\u0107 to, co dzieje si\u0119 we mnie. I nie b\u0119d\u0119 tu d\u0142u\u017cej, czyli szansa zebrania my\u015bli i podsumowania nie b\u0119dzie mi dana.<\/p>\n<p>Patrz\u0105 na ludzi, z kt\u00f3rymi jestem dlatego, \u017ce moj\u0105 rodzin\u0119 zwi\u0105za\u0142em z tym krajem. O kt\u00f3rym nie mia\u0142em kiedy\u015b poj\u0119cia wi\u0119kszego ponad nazw\u0119 na mapie. Jestem u wujka jako go\u015b\u0107, w\u0142a\u015bnie przychodzi jego syn z synow\u0105, spodziewaj\u0105 si\u0119 dziecka, niestety nie obywa si\u0119 bez komplikacji. Przychodzi s\u0105siadka, rozmawiaj\u0105 wszyscy razem &#8211; ze swad\u0105, o tym, o czym mog\u0105 rozmawia\u0107 dobrzy s\u0105siedzi, szcz\u0119\u015bliwi dlatego, \u017ce s\u0105 s\u0105siadami.<\/p>\n<p>Siedz\u0119 z boku, patrz\u0119, s\u0142ucham. Widz\u0119 mojego syna, kt\u00f3ry k\u0142\u00f3ci si\u0119 ze swoim rumu\u0144skim wujkiem po rumu\u0144sku. C\u00f3rka przytula si\u0119 do dziewczyny w ci\u0105\u017cy, kt\u00f3ra zaraz wyjdzie st\u0105d, p\u00f3jdzie spakowa\u0107 si\u0119, a jutro wejdzie do szpitala.<\/p>\n<p>Patrz\u0119 na ludzi, kt\u00f3rzy wed\u0142ug wszelkiego prawdopodobie\u0144stwa powinni mi by\u0107 zupe\u0142nie obcy, ale jakim\u015b kosmicznym zbiegiem okoliczno\u015bci, nie s\u0105. Nie moja w tym zas\u0142uga, na pewno. Cho\u0107 mog\u0119 przypomnie\u0107 sobie te godziny, dnie ca\u0142e, wr\u0119czy tygodnie, a i miesi\u0105ce, podczas kt\u00f3rych przeorywa\u0142em ich j\u0119zyk, a by\u0142o to szesna\u015bcie lat temu, to teraz w \u017caden spos\u00f3b nie czuj\u0119 najmniejszego zaszczytu. Dziwi\u0119 si\u0119 niewyczarpanie &#8211; rozumiem, co m\u00f3wi\u0105, a przede wszystkim &#8211; odbieram ich emocje, i \u017ce s\u0105 mi tak bliskie.\u00a0<\/p>\n<p>Jestem tu, w\u015br\u00f3d nich, jak sw\u00f3j wobec swoich, ale na zdrowy rozum mam wra\u017cenie, \u017ce to przecie\u017c niemo\u017cliwe. Chyba dopad\u0142a mnie schizofrenia albo paranoja, w najlepszym razie &#8211; to mi si\u0119 \u015bni. Mo\u017ce nieznany kto\u015b to sprowokowa\u0142, przestawi\u0142 zwrotnic\u0119 w rozjazdach, na niewiadomej stacji, przez kt\u00f3r\u0105 przeje\u017cd\u017ca\u0142 m\u00f3j poci\u0105g, a teraz &#8211; pozostawi\u0142 mi tylko przygl\u0105danie si\u0119 temu, co z tego wynik\u0142o. Z fascynacj\u0105.<\/p>\n","protected":false},"excerpt":{"rendered":"<p>Jestem w Rumunii. &#8230;<\/p>\n","protected":false},"author":1,"featured_media":0,"comment_status":"open","ping_status":"open","sticky":false,"template":"","format":"standard","meta":{"footnotes":""},"categories":[50,909],"tags":[590,558,875,208,38,638],"_links":{"self":[{"href":"http:\/\/niecodziennosc.kubic.info\/index.php?rest_route=\/wp\/v2\/posts\/7685"}],"collection":[{"href":"http:\/\/niecodziennosc.kubic.info\/index.php?rest_route=\/wp\/v2\/posts"}],"about":[{"href":"http:\/\/niecodziennosc.kubic.info\/index.php?rest_route=\/wp\/v2\/types\/post"}],"author":[{"embeddable":true,"href":"http:\/\/niecodziennosc.kubic.info\/index.php?rest_route=\/wp\/v2\/users\/1"}],"replies":[{"embeddable":true,"href":"http:\/\/niecodziennosc.kubic.info\/index.php?rest_route=%2Fwp%2Fv2%2Fcomments&post=7685"}],"version-history":[{"count":1,"href":"http:\/\/niecodziennosc.kubic.info\/index.php?rest_route=\/wp\/v2\/posts\/7685\/revisions"}],"predecessor-version":[{"id":9021,"href":"http:\/\/niecodziennosc.kubic.info\/index.php?rest_route=\/wp\/v2\/posts\/7685\/revisions\/9021"}],"wp:attachment":[{"href":"http:\/\/niecodziennosc.kubic.info\/index.php?rest_route=%2Fwp%2Fv2%2Fmedia&parent=7685"}],"wp:term":[{"taxonomy":"category","embeddable":true,"href":"http:\/\/niecodziennosc.kubic.info\/index.php?rest_route=%2Fwp%2Fv2%2Fcategories&post=7685"},{"taxonomy":"post_tag","embeddable":true,"href":"http:\/\/niecodziennosc.kubic.info\/index.php?rest_route=%2Fwp%2Fv2%2Ftags&post=7685"}],"curies":[{"name":"wp","href":"https:\/\/api.w.org\/{rel}","templated":true}]}}