{"id":7705,"date":"2013-02-13T21:17:57","date_gmt":"2013-02-13T20:17:57","guid":{"rendered":"http:\/\/niecodziennosc.kubic.info\/index.php\/2013\/02\/13\/dziwilem-sie-ale-juz-sie-nie-dziwie\/"},"modified":"2019-05-05T01:42:14","modified_gmt":"2019-05-04T23:42:14","slug":"dziwilem-sie-ale-juz-sie-nie-dziwie","status":"publish","type":"post","link":"http:\/\/niecodziennosc.kubic.info\/?p=7705","title":{"rendered":"Dziwi\u0142em si\u0119, ale ju\u017c si\u0119 nie dziwi\u0119"},"content":{"rendered":"<p>Dziwi\u0142em si\u0119, a w zasadzie kiwa\u0142em z politowaniem g\u0142ow\u0105, a nawet ze wzburzeniem, kiedy dwadzie\u015bcia lat temu czyta\u0142em np. takie zdanie: <em>kiedy przyjdzie mi ochota do roboty, to siadam i czekam a\u017c mi przejdzie<\/em>.<\/p>\n<p>Przysz\u0142o wreszcie, \u017ce zupe\u0142nie zgadzam si\u0119 z tym zdaniem. I to wcale nie dlatego, \u017ce nie chce mi si\u0119 pracowa\u0107. Wprost przeciwnie. Zapami\u0119tanie si\u0119 w pracy wyka\u0144cza mnie bez reszty. I, paradoksalnie, mniej udaje mi si\u0119 wtedy zrobi\u0107.<\/p>\n<p>Wybacz Gosiu, kt\u00f3ra pracowa\u0142a\u015b ze mn\u0105 w pokoju przez miesi\u0105c. Mam wra\u017cenie, \u017ce irytowa\u0142o Ci\u0119 to, \u017ce zachowuj\u0119 si\u0119, jakby mi na niczym nie zale\u017ca\u0142o. Pyta\u0142a\u015b mnie jak to mo\u017cliwe, \u017ce pi\u0119trzy si\u0119 stos spraw do zrobienia, a ja jestem taki &#8222;spokojny&#8221;. Odpowiadam &#8211; kiedy ilo\u015b\u0107 spraw przekroczy pewn\u0105 mas\u0119 krytyczn\u0105, najlepszym wyj\u015bciem jest w\u0142a\u015bnie to &#8211; zwolni\u0107 dzia\u0142ania. Najgorsze, co wtedy mo\u017cna robi\u0107, to szarpa\u0107 si\u0119 z rzeczami, kt\u00f3rych nie mo\u017cna zmieni\u0107.<\/p>\n<p>Prawie ju\u017c odszed\u0142em od stylu, w kt\u00f3rym, kiedy us\u0142ysz\u0119 o czym\u015b do zrobienia, to rzucam si\u0119 od razu do dzie\u0142a. Czasem rozwi\u0105zaniem problemu jest nie robienie niczego. Nie \u017cartuj\u0119, przeczyta\u0142em to w pewnej ksi\u0105\u017cce o strategii w sytuacjach podbramkowych.<\/p>\n<p>Jest jeszcze wi\u0119cej stwierdze\u0144, kt\u00f3re mnie dziwi\u0142y \/ bulwersowa\u0142y dwadzie\u015bcia lat temu. Mo\u017ce pozostawi\u0119 je na inny raz. <\/p>\n","protected":false},"excerpt":{"rendered":"<p>Dziwi\u0142em si\u0119, a w &#8230;<\/p>\n","protected":false},"author":1,"featured_media":0,"comment_status":"open","ping_status":"open","sticky":false,"template":"","format":"standard","meta":{"footnotes":""},"categories":[909,57],"tags":[327,38],"_links":{"self":[{"href":"http:\/\/niecodziennosc.kubic.info\/index.php?rest_route=\/wp\/v2\/posts\/7705"}],"collection":[{"href":"http:\/\/niecodziennosc.kubic.info\/index.php?rest_route=\/wp\/v2\/posts"}],"about":[{"href":"http:\/\/niecodziennosc.kubic.info\/index.php?rest_route=\/wp\/v2\/types\/post"}],"author":[{"embeddable":true,"href":"http:\/\/niecodziennosc.kubic.info\/index.php?rest_route=\/wp\/v2\/users\/1"}],"replies":[{"embeddable":true,"href":"http:\/\/niecodziennosc.kubic.info\/index.php?rest_route=%2Fwp%2Fv2%2Fcomments&post=7705"}],"version-history":[{"count":1,"href":"http:\/\/niecodziennosc.kubic.info\/index.php?rest_route=\/wp\/v2\/posts\/7705\/revisions"}],"predecessor-version":[{"id":9025,"href":"http:\/\/niecodziennosc.kubic.info\/index.php?rest_route=\/wp\/v2\/posts\/7705\/revisions\/9025"}],"wp:attachment":[{"href":"http:\/\/niecodziennosc.kubic.info\/index.php?rest_route=%2Fwp%2Fv2%2Fmedia&parent=7705"}],"wp:term":[{"taxonomy":"category","embeddable":true,"href":"http:\/\/niecodziennosc.kubic.info\/index.php?rest_route=%2Fwp%2Fv2%2Fcategories&post=7705"},{"taxonomy":"post_tag","embeddable":true,"href":"http:\/\/niecodziennosc.kubic.info\/index.php?rest_route=%2Fwp%2Fv2%2Ftags&post=7705"}],"curies":[{"name":"wp","href":"https:\/\/api.w.org\/{rel}","templated":true}]}}