{"id":7716,"date":"2013-01-10T20:21:13","date_gmt":"2013-01-10T19:21:13","guid":{"rendered":"http:\/\/niecodziennosc.kubic.info\/index.php\/2013\/01\/10\/moze-to-koniec\/"},"modified":"2013-01-10T20:21:13","modified_gmt":"2013-01-10T19:21:13","slug":"moze-to-koniec","status":"publish","type":"post","link":"http:\/\/niecodziennosc.kubic.info\/?p=7716","title":{"rendered":"Mo\u017ce to koniec"},"content":{"rendered":"<p>Wczoraj siedzia\u0142em chwil\u0119 przed pustym okienkiem na tym blogu. Mia\u0142o ono tytu\u0142 &#8222;Tre\u015b\u0107 wpisu&#8221;, i pozosta\u0142o puste. Mo\u017ce dlatego, \u017ce wczoraj by\u0142a mg\u0142a, a wiadomo, \u017ce kiedy jest mg\u0142a, to nie ma wiatru. Dlaczego wiatru? Dlatego, \u017ce zgodnie z wpisem <a href=\"http:\/\/pk.blox.pl\/2012\/10\/Wiatr.html\" target=\"_blank\" rel=\"noopener noreferrer\">Wiatr&#8230;<\/a> pisanie idzie mi wtedy, kiedy wieje.<\/p>\n<p>Mo\u017ce chodzi o to, \u017ce wiatr mojego \u017cycia si\u0119 uspokaja. Do pisania ci\u0105gn\u0119\u0142o mnie, gdy nie mog\u0142em usn\u0105\u0107. A wczoraj Ioana zaproponowa\u0142a, \u017cebym tak po prostu poszed\u0142 spa\u0107, i poszed\u0142em. I usn\u0105\u0142em.<\/p>\n<p>Brzmi niepokoj\u0105co? Chyba tak. Bo je\u015bli tak dalej p\u00f3jdzie, ten blog przejdzie do historii. A przecie\u017c dopiero co zg\u0142osi\u0142em go do konkursu. C\u00f3\u017c, nie pierwszy to raz w moim \u017cyciu zdarzy si\u0119, \u017ce kiedy pr\u00f3buj\u0119 <em>wyp\u0142yn\u0105\u0107 na szersze wody<\/em>, wyprawa raptem si\u0119 ko\u0144czy.<\/p>\n<p>Ale zaraz, konkurs ma tytu\u0142 &#8222;Blogu 2012 roku&#8221;, wi\u0119c w zasadzie mog\u0119 przesta\u0107 ju\u017c pisa\u0107. To, co napisz\u0119, albo czego nie napisz\u0119, w tym roku, ani w \u017cadnym kolejnym, nie powinno mie\u0107 wp\u0142ywu na wynik konkursu.<\/p>\n<p>Ale zaraz! Przecie\u017c i tak powiedzia\u0142em sobie, \u017ce nie walcz\u0119 o nagrod\u0119, a zg\u0142osi\u0142em si\u0119 z powodu nag\u0142ego, niewyja\u015bnionego impulsu. Nie mam zamiaru nikogo agitowa\u0107 i wyg\u0142upia\u0107 si\u0119 wpisami na facebooku, twitterze, na trzech portalach na kt\u00f3rych zamieszczam swoje materia\u0142y ani na dw\u00f3ch innych blogach: g\u0142osujcie na <a href=\"http:\/\/pk.blox.pl\/html\" target=\"_blank\" rel=\"noopener noreferrer\">pk.blox.pl<\/a>!<\/p>\n<p>Ale&#8230;.. teraz zda\u0142em sobie spraw\u0119, \u017ce mo\u017ce tamte blogi mia\u0142yby wi\u0119ksze szanse ni\u017c ten&#8230;.. Mo\u017ce \u017ale wybra\u0142em, pod wp\u0142ywem niewyja\u015bnionego i nag\u0142ego impulsu&#8230; Wietrze, przyb\u0105d\u017a! Wska\u017c drog\u0119, ratuj, uspok\u00f3j!&#8230;<\/p>\n<p>Wygl\u0105dam za okno. Niepewne kszta\u0142ty w ciemno\u015bci, czy to drzewa? Czy si\u0119 chwiej\u0105?<\/p>\n<p>Tak&#8230;. tak. Tak!<\/p>\n","protected":false},"excerpt":{"rendered":"<p>Wczoraj siedzia\u0142em &#8230;<\/p>\n","protected":false},"author":1,"featured_media":0,"comment_status":"open","ping_status":"open","sticky":false,"template":"","format":"standard","meta":{"footnotes":""},"categories":[27],"tags":[435,676,879,364,112,70],"_links":{"self":[{"href":"http:\/\/niecodziennosc.kubic.info\/index.php?rest_route=\/wp\/v2\/posts\/7716"}],"collection":[{"href":"http:\/\/niecodziennosc.kubic.info\/index.php?rest_route=\/wp\/v2\/posts"}],"about":[{"href":"http:\/\/niecodziennosc.kubic.info\/index.php?rest_route=\/wp\/v2\/types\/post"}],"author":[{"embeddable":true,"href":"http:\/\/niecodziennosc.kubic.info\/index.php?rest_route=\/wp\/v2\/users\/1"}],"replies":[{"embeddable":true,"href":"http:\/\/niecodziennosc.kubic.info\/index.php?rest_route=%2Fwp%2Fv2%2Fcomments&post=7716"}],"version-history":[{"count":0,"href":"http:\/\/niecodziennosc.kubic.info\/index.php?rest_route=\/wp\/v2\/posts\/7716\/revisions"}],"wp:attachment":[{"href":"http:\/\/niecodziennosc.kubic.info\/index.php?rest_route=%2Fwp%2Fv2%2Fmedia&parent=7716"}],"wp:term":[{"taxonomy":"category","embeddable":true,"href":"http:\/\/niecodziennosc.kubic.info\/index.php?rest_route=%2Fwp%2Fv2%2Fcategories&post=7716"},{"taxonomy":"post_tag","embeddable":true,"href":"http:\/\/niecodziennosc.kubic.info\/index.php?rest_route=%2Fwp%2Fv2%2Ftags&post=7716"}],"curies":[{"name":"wp","href":"https:\/\/api.w.org\/{rel}","templated":true}]}}