{"id":7729,"date":"2012-12-02T18:32:01","date_gmt":"2012-12-02T17:32:01","guid":{"rendered":"http:\/\/niecodziennosc.kubic.info\/index.php\/2012\/12\/02\/wlasnie-przed-chwila-spotkal-mnie-zaszczyt\/"},"modified":"2012-12-02T18:32:01","modified_gmt":"2012-12-02T17:32:01","slug":"wlasnie-przed-chwila-spotkal-mnie-zaszczyt","status":"publish","type":"post","link":"http:\/\/niecodziennosc.kubic.info\/?p=7729","title":{"rendered":"W\u0142a\u015bnie przed chwil\u0105 spotka\u0142 mnie zaszczyt"},"content":{"rendered":"<p>dokonania korekty polskiego t\u0142umaczenia przem\u00f3wienia Prezydenta Mo\u0142dawii, kt\u00f3re zostanie wyg\u0142oszone jutro, podczas konferencji w Kiszyniowie, wobec Prezydenta Polski. Kiedy o tym my\u015bl\u0119, w kontek\u015bcie mojego poprzedniego wpisu &#8211; tego o b\u0119d\u0105cym tu\u017c obok ogrodzie, b\u0142ocie, ka\u0142u\u017cach i ci\u0105g\u0142ym braku \u015bniegu &#8211; zn\u00f3w chce mi si\u0119 \u015bmia\u0107 :-)))))))<\/p>\n","protected":false},"excerpt":{"rendered":"<p>dokonania korekty &#8230;<\/p>\n","protected":false},"author":1,"featured_media":0,"comment_status":"open","ping_status":"open","sticky":false,"template":"","format":"standard","meta":{"footnotes":""},"categories":[50],"tags":[435],"_links":{"self":[{"href":"http:\/\/niecodziennosc.kubic.info\/index.php?rest_route=\/wp\/v2\/posts\/7729"}],"collection":[{"href":"http:\/\/niecodziennosc.kubic.info\/index.php?rest_route=\/wp\/v2\/posts"}],"about":[{"href":"http:\/\/niecodziennosc.kubic.info\/index.php?rest_route=\/wp\/v2\/types\/post"}],"author":[{"embeddable":true,"href":"http:\/\/niecodziennosc.kubic.info\/index.php?rest_route=\/wp\/v2\/users\/1"}],"replies":[{"embeddable":true,"href":"http:\/\/niecodziennosc.kubic.info\/index.php?rest_route=%2Fwp%2Fv2%2Fcomments&post=7729"}],"version-history":[{"count":0,"href":"http:\/\/niecodziennosc.kubic.info\/index.php?rest_route=\/wp\/v2\/posts\/7729\/revisions"}],"wp:attachment":[{"href":"http:\/\/niecodziennosc.kubic.info\/index.php?rest_route=%2Fwp%2Fv2%2Fmedia&parent=7729"}],"wp:term":[{"taxonomy":"category","embeddable":true,"href":"http:\/\/niecodziennosc.kubic.info\/index.php?rest_route=%2Fwp%2Fv2%2Fcategories&post=7729"},{"taxonomy":"post_tag","embeddable":true,"href":"http:\/\/niecodziennosc.kubic.info\/index.php?rest_route=%2Fwp%2Fv2%2Ftags&post=7729"}],"curies":[{"name":"wp","href":"https:\/\/api.w.org\/{rel}","templated":true}]}}