{"id":7744,"date":"2012-10-06T21:28:52","date_gmt":"2012-10-06T19:28:52","guid":{"rendered":"http:\/\/niecodziennosc.kubic.info\/index.php\/2012\/10\/06\/wiatr\/"},"modified":"2012-10-06T21:28:52","modified_gmt":"2012-10-06T19:28:52","slug":"wiatr","status":"publish","type":"post","link":"http:\/\/niecodziennosc.kubic.info\/?p=7744","title":{"rendered":"Wiatr&#8230;."},"content":{"rendered":"<p>Wieje dzi\u015b ca\u0142y dzie\u0144. S\u0105 jeszcze li\u015bcie, wi\u0119c dop\u00f3ki s\u0105, szeleszcz\u0105, szumi\u0105 na wietrze. C\u00f3\u017c wi\u0119cej pisa\u0107, kiedy poprzednimi laty ju\u017c to opisa\u0142em. Ile\u017c mo\u017cna &#8222;pog\u0142\u0119bia\u0107&#8221; wiatr? &#8222;W niesko\u0144czono\u015b\u0107&#8221;, kto\u015b powie. Pewnie tak, ale pisarz jest sko\u0144czony. I w ko\u0144cu (skoro &#8222;sko\u0144czony&#8221;) pozostaje mu tylko cisza. W kt\u00f3rej szumi\u0105 li\u015bcie, dop\u00f3ki jeszcze nie opad\u0142y. Jak opadn\u0105, wy\u0107 b\u0119d\u0105 nagie konary. O ile b\u0119dzie wiatr. Je\u015bli wiatru zabraknie, to tym bardziej pisanie straci sens. Tak, dop\u00f3ki jest wiatr i dop\u00f3ki jest mu co\u015b na przeszkodzie, co mo\u017ce szumie\u0107, szele\u015bci\u0107, wy\u0107, hucze\u0107, dop\u00f3ty litery wychodz\u0105 mi spod palc\u00f3w. Te dwa elementy: wiatr i przeszkoda na jego drodze, a tak naprawd\u0119 &#8211; \u00f3w szum, szelest, huk, wycie, s\u0105 warunkiem mojego pisania.<\/p>\n<p>&#8211; Drzwi nie by\u0142y umyte, od kiedy dom by\u0142 ocieplany &#8211; zabrzmia\u0142 czyj\u015b g\u0142os w sypialni.<\/p>\n<p>Potem zapad\u0142a klamka w balkonowych drzwiach, i przesta\u0142o szumi<\/p>\n<p>\u00a0<\/p>\n<p>\u00a0<\/p>\n<p>\u00a0<\/p>\n<p>\u00a0<\/p>\n","protected":false},"excerpt":{"rendered":"<p>Wieje dzi\u015b ca\u0142y &#8230;<\/p>\n","protected":false},"author":1,"featured_media":0,"comment_status":"open","ping_status":"open","sticky":false,"template":"","format":"standard","meta":{"footnotes":""},"categories":[27],"tags":[413],"_links":{"self":[{"href":"http:\/\/niecodziennosc.kubic.info\/index.php?rest_route=\/wp\/v2\/posts\/7744"}],"collection":[{"href":"http:\/\/niecodziennosc.kubic.info\/index.php?rest_route=\/wp\/v2\/posts"}],"about":[{"href":"http:\/\/niecodziennosc.kubic.info\/index.php?rest_route=\/wp\/v2\/types\/post"}],"author":[{"embeddable":true,"href":"http:\/\/niecodziennosc.kubic.info\/index.php?rest_route=\/wp\/v2\/users\/1"}],"replies":[{"embeddable":true,"href":"http:\/\/niecodziennosc.kubic.info\/index.php?rest_route=%2Fwp%2Fv2%2Fcomments&post=7744"}],"version-history":[{"count":0,"href":"http:\/\/niecodziennosc.kubic.info\/index.php?rest_route=\/wp\/v2\/posts\/7744\/revisions"}],"wp:attachment":[{"href":"http:\/\/niecodziennosc.kubic.info\/index.php?rest_route=%2Fwp%2Fv2%2Fmedia&parent=7744"}],"wp:term":[{"taxonomy":"category","embeddable":true,"href":"http:\/\/niecodziennosc.kubic.info\/index.php?rest_route=%2Fwp%2Fv2%2Fcategories&post=7744"},{"taxonomy":"post_tag","embeddable":true,"href":"http:\/\/niecodziennosc.kubic.info\/index.php?rest_route=%2Fwp%2Fv2%2Ftags&post=7744"}],"curies":[{"name":"wp","href":"https:\/\/api.w.org\/{rel}","templated":true}]}}