{"id":7755,"date":"2012-09-11T19:00:43","date_gmt":"2012-09-11T17:00:43","guid":{"rendered":"http:\/\/niecodziennosc.kubic.info\/index.php\/2012\/09\/11\/jonasz-z-niniwy\/"},"modified":"2012-09-11T19:00:43","modified_gmt":"2012-09-11T17:00:43","slug":"jonasz-z-niniwy","status":"publish","type":"post","link":"http:\/\/niecodziennosc.kubic.info\/?p=7755","title":{"rendered":"Jonasz z Niniwy"},"content":{"rendered":"<p>Oto film powsta\u0142y na warsztatach artystycznych Zatonie 2012. Jestem z nim zwi\u0105zany nie tylko tym, \u017ce podczas jego kr\u0119cenia panowa\u0142a \u015bwietna, lu\u017ana i pe\u0142na wolno\u015bci atmosfera, ale i tym, \u017ce potem sp\u0119dzi\u0142em nad nim, wraz z przyjacielem Micha\u0142em, pe\u0142ne dwa weekendy, nie wychylaj\u0105c nosa zza drzwi mieszkanie i zza monitora komputera. Nie licz\u0105c samotnych godzin poprawek, renderowania, ci\u0105g\u0142ego ogl\u0105dania \ud83d\ude42<\/p>\n<p>Film mia\u0142 swoj\u0105 premier\u0119 w ostatni\u0105 sobot\u0119 w kinie Rialto w Poznaniu. Oto zdj\u0119cie z premiery &#8211; za chwil\u0119 ods\u0142oni si\u0119 ekran i zobaczymy nasze &#8222;dzie\u0142o&#8221; \ud83d\ude42<\/p>\n<p><img fetchpriority=\"high\" decoding=\"async\" title=\"Premiera \" src=\"wp-content\/uploads\/2019\/03\/_MG_5650.jpg\" alt=\"Premiera \" width=\"500\" height=\"333\" \/><\/p>\n<p>A oto i sam film<\/p>\n<p><iframe width=\"500\" height=\"281\" src=\"http:\/\/www.youtube.com\/embed\/nVqym_l9ZT8?rel=0\" frameborder=\"0\"><\/iframe><\/p>\n","protected":false},"excerpt":{"rendered":"<p>Oto film powsta\u0142y na &#8230;<\/p>\n","protected":false},"author":1,"featured_media":0,"comment_status":"open","ping_status":"open","sticky":false,"template":"","format":"standard","meta":{"footnotes":""},"categories":[35],"tags":[413,70,898],"_links":{"self":[{"href":"http:\/\/niecodziennosc.kubic.info\/index.php?rest_route=\/wp\/v2\/posts\/7755"}],"collection":[{"href":"http:\/\/niecodziennosc.kubic.info\/index.php?rest_route=\/wp\/v2\/posts"}],"about":[{"href":"http:\/\/niecodziennosc.kubic.info\/index.php?rest_route=\/wp\/v2\/types\/post"}],"author":[{"embeddable":true,"href":"http:\/\/niecodziennosc.kubic.info\/index.php?rest_route=\/wp\/v2\/users\/1"}],"replies":[{"embeddable":true,"href":"http:\/\/niecodziennosc.kubic.info\/index.php?rest_route=%2Fwp%2Fv2%2Fcomments&post=7755"}],"version-history":[{"count":0,"href":"http:\/\/niecodziennosc.kubic.info\/index.php?rest_route=\/wp\/v2\/posts\/7755\/revisions"}],"wp:attachment":[{"href":"http:\/\/niecodziennosc.kubic.info\/index.php?rest_route=%2Fwp%2Fv2%2Fmedia&parent=7755"}],"wp:term":[{"taxonomy":"category","embeddable":true,"href":"http:\/\/niecodziennosc.kubic.info\/index.php?rest_route=%2Fwp%2Fv2%2Fcategories&post=7755"},{"taxonomy":"post_tag","embeddable":true,"href":"http:\/\/niecodziennosc.kubic.info\/index.php?rest_route=%2Fwp%2Fv2%2Ftags&post=7755"}],"curies":[{"name":"wp","href":"https:\/\/api.w.org\/{rel}","templated":true}]}}