{"id":7756,"date":"2012-09-11T08:20:57","date_gmt":"2012-09-11T06:20:57","guid":{"rendered":"http:\/\/niecodziennosc.kubic.info\/index.php\/2012\/09\/11\/prosze-o-porade\/"},"modified":"2012-09-11T08:20:57","modified_gmt":"2012-09-11T06:20:57","slug":"prosze-o-porade","status":"publish","type":"post","link":"http:\/\/niecodziennosc.kubic.info\/?p=7756","title":{"rendered":"Prosz\u0119 o porad\u0119"},"content":{"rendered":"<p>Witajcie. Jestem w domu z Beniaminem. Nie chodzi do przedszkola, w zesz\u0142ym tygodniu mia\u0142 temperatur\u0119 przez 2 dni, raz wymiotowa\u0142. Teraz kaszle z g\u0142\u0119bokim odg\u0142osem z krtani. Mia\u0142 bardzo powi\u0119kszone migda\u0142ki, teraz s\u0105 mniejsze. Ale ci\u0105gle woli oddycha\u0107 ustami ni\u017c nosem, cho\u0107 nie ma kataru. Nie ma temperatury, je\u015bli jest os\u0142abiony, to bardzo niewiele, nie wida\u0107 tego po nim. Biega po domu, bawi si\u0119. Otrzyma\u0142em zestaw lekarstw jaki mam mu zaaplikowa\u0107 rano.<\/p>\n<ul>\n<li>antybiotyk Taromentin<\/li>\n<li>inhalacja Pulmicortem<\/li>\n<li>syrop Levopront<\/li>\n<li>krople nat\u0142uszczaj\u0105ce do nosa zrobione wg recepty<\/li>\n<li>hascosept na gard\u0142o<\/li>\n<\/ul>\n<p>Na tej li\u015bcie nie jeszcze ma ewentualnych witamin czy probiotyk\u00f3w przywracaj\u0105cych np. r\u00f3wnowag\u0119 bakteryjn\u0105 w zwi\u0105zku z za\u017cywaniem antybiotyku.<\/p>\n<p>M\u00f3j pytanie bierze si\u0119 z wra\u017cenia, \u017ce dzieciak, cho\u0107 generalnie jest ju\u017c teraz w niez\u0142ym stanie, jest szpikowany lekarstwami. Domy\u015blam si\u0119, \u017ce chodzi o to, aby go jak najszybciej wyleczy\u0107, ale podsk\u00f3rnie czuj\u0119, \u017ce tych lekarstw jest za du\u017co.<\/p>\n<p>Moja intuicja m\u00f3wi, \u017ce to organizm musi nauczy\u0107 si\u0119 walczy\u0107 z chorob\u0105. Nic nie zast\u0105pi naszej naturalnej odporno\u015bci, bo przecie\u017c nie chodzi o to, \u017ceby ci\u0105gle utrzymywa\u0107 si\u0119 lekami przy zdrowiu. Tymczasem przy takiej ilo\u015bci aplikowanych&#65279; substancji jestem prawie pewien, \u017ce kiedy Beni <em>wyzdrowieje<\/em> i przestaniemy mu dawa\u0107 te wszystkie prochy, to on zn\u00f3w zachoruje. Czyli jego leczenie prowadzi wprost do uzale\u017cnienia od lekrastw.<\/p>\n<p>Spodziewam si\u0119, \u017ce matki nie musz\u0105 podziela\u0107 mojego punktu widzenia, dlatego prosi\u0142bym, \u017ceby ojcowie te\u017c co\u015b tu napisali \ud83d\ude09<\/p>\n","protected":false},"excerpt":{"rendered":"<p>Witajcie. Jestem w &#8230;<\/p>\n","protected":false},"author":1,"featured_media":0,"comment_status":"open","ping_status":"open","sticky":false,"template":"","format":"standard","meta":{"footnotes":""},"categories":[118],"tags":[373,866],"_links":{"self":[{"href":"http:\/\/niecodziennosc.kubic.info\/index.php?rest_route=\/wp\/v2\/posts\/7756"}],"collection":[{"href":"http:\/\/niecodziennosc.kubic.info\/index.php?rest_route=\/wp\/v2\/posts"}],"about":[{"href":"http:\/\/niecodziennosc.kubic.info\/index.php?rest_route=\/wp\/v2\/types\/post"}],"author":[{"embeddable":true,"href":"http:\/\/niecodziennosc.kubic.info\/index.php?rest_route=\/wp\/v2\/users\/1"}],"replies":[{"embeddable":true,"href":"http:\/\/niecodziennosc.kubic.info\/index.php?rest_route=%2Fwp%2Fv2%2Fcomments&post=7756"}],"version-history":[{"count":0,"href":"http:\/\/niecodziennosc.kubic.info\/index.php?rest_route=\/wp\/v2\/posts\/7756\/revisions"}],"wp:attachment":[{"href":"http:\/\/niecodziennosc.kubic.info\/index.php?rest_route=%2Fwp%2Fv2%2Fmedia&parent=7756"}],"wp:term":[{"taxonomy":"category","embeddable":true,"href":"http:\/\/niecodziennosc.kubic.info\/index.php?rest_route=%2Fwp%2Fv2%2Fcategories&post=7756"},{"taxonomy":"post_tag","embeddable":true,"href":"http:\/\/niecodziennosc.kubic.info\/index.php?rest_route=%2Fwp%2Fv2%2Ftags&post=7756"}],"curies":[{"name":"wp","href":"https:\/\/api.w.org\/{rel}","templated":true}]}}