{"id":7757,"date":"2012-09-03T00:56:04","date_gmt":"2012-09-02T22:56:04","guid":{"rendered":"http:\/\/niecodziennosc.kubic.info\/index.php\/2012\/09\/03\/jeszcze\/"},"modified":"2012-09-03T00:56:04","modified_gmt":"2012-09-02T22:56:04","slug":"jeszcze","status":"publish","type":"post","link":"http:\/\/niecodziennosc.kubic.info\/?p=7757","title":{"rendered":"Jeszcze&#8230;"},"content":{"rendered":"<p>Lato wyczerpuje swe si\u0142y. Jeszcze troch\u0119 i b\u0119dzie ratowa\u0107 si\u0119 ich ostatkiem. A my &#8211; my\u015bl\u0105 o dw\u00f3ch, trzech cho\u0107by dniach w ciep\u0142ym s\u0142o\u0144cu i feerii kolor\u00f3w &#8211; od \u017c\u00f3\u0142tawej zieleni po g\u0142\u0119bokie bordo. A\u017c one wszystkie opadn\u0105, i mokre zmieni\u0105 si\u0119 w smutn\u0105 bryj\u0119.<\/p>\n<p><img fetchpriority=\"high\" decoding=\"async\" src=\"wp-content\/uploads\/2019\/03\/pejzaz1111122.jpg\" alt=\"Jesie\u0144 z g\u00f3ry\" width=\"500\" height=\"333\" \/><\/p>\n<p>Co\u015b mam wewn\u0105trz, ale nie potrafi\u0119 tego opisa\u0107. Mo\u017ce jutro.<\/p>\n","protected":false},"excerpt":{"rendered":"<p>Lato wyczerpuje swe &#8230;<\/p>\n","protected":false},"author":1,"featured_media":0,"comment_status":"open","ping_status":"open","sticky":false,"template":"","format":"standard","meta":{"footnotes":""},"categories":[35],"tags":[352],"_links":{"self":[{"href":"http:\/\/niecodziennosc.kubic.info\/index.php?rest_route=\/wp\/v2\/posts\/7757"}],"collection":[{"href":"http:\/\/niecodziennosc.kubic.info\/index.php?rest_route=\/wp\/v2\/posts"}],"about":[{"href":"http:\/\/niecodziennosc.kubic.info\/index.php?rest_route=\/wp\/v2\/types\/post"}],"author":[{"embeddable":true,"href":"http:\/\/niecodziennosc.kubic.info\/index.php?rest_route=\/wp\/v2\/users\/1"}],"replies":[{"embeddable":true,"href":"http:\/\/niecodziennosc.kubic.info\/index.php?rest_route=%2Fwp%2Fv2%2Fcomments&post=7757"}],"version-history":[{"count":0,"href":"http:\/\/niecodziennosc.kubic.info\/index.php?rest_route=\/wp\/v2\/posts\/7757\/revisions"}],"wp:attachment":[{"href":"http:\/\/niecodziennosc.kubic.info\/index.php?rest_route=%2Fwp%2Fv2%2Fmedia&parent=7757"}],"wp:term":[{"taxonomy":"category","embeddable":true,"href":"http:\/\/niecodziennosc.kubic.info\/index.php?rest_route=%2Fwp%2Fv2%2Fcategories&post=7757"},{"taxonomy":"post_tag","embeddable":true,"href":"http:\/\/niecodziennosc.kubic.info\/index.php?rest_route=%2Fwp%2Fv2%2Ftags&post=7757"}],"curies":[{"name":"wp","href":"https:\/\/api.w.org\/{rel}","templated":true}]}}