{"id":7765,"date":"2012-08-19T00:31:02","date_gmt":"2012-08-18T22:31:02","guid":{"rendered":"http:\/\/niecodziennosc.kubic.info\/index.php\/2012\/08\/19\/widok-z-okna\/"},"modified":"2012-08-19T00:31:02","modified_gmt":"2012-08-18T22:31:02","slug":"widok-z-okna","status":"publish","type":"post","link":"http:\/\/niecodziennosc.kubic.info\/?p=7765","title":{"rendered":"Widok z okna"},"content":{"rendered":"<p><img fetchpriority=\"high\" decoding=\"async\" src=\"wp-content\/uploads\/2019\/03\/_MG_3933.jpg\" alt=\"Widok z okna szpitala\" width=\"500\" height=\"333\" \/><\/p>\n<p>To widok z okna przychodni i szpitala. Z oddzia\u0142u wewn\u0119trznego trzeba by\u0142o przej\u015b\u0107 d\u0142ugim korytarzem ca\u0142\u0105 kardiologi\u0119, by go zobaczy\u0107. Nie by\u0142oby w nim nic szczeg\u00f3lnego, ot zwyk\u0142e zaplecze szpitala, gdyby nie to, \u017ce sta\u0142 si\u0119 on obiektem po\u017c\u0105dania dla kogo\u015b, kto nie m\u00f3g\u0142 wyj\u015b\u0107 poza oddzia\u0142. Dla kogo\u015b, kto nie by\u0142 pewien, czy je\u015bli wreszcie wyjdzie, to o w\u0142asnych si\u0142ach.<\/p>\n<p>Budynki na pierwszym i drugim planie, pochodz\u0105ce z lat socjalizmu, cho\u0107 nie urodziwe, jednak przypominaj\u0105 dzieci\u0144stwo: wiosenne przechadzki nowymi tropami, po lekcjach, kiedy zamiast i\u015b\u0107 do domu, ucze\u0144 w\u0142\u00f3czy\u0142 si\u0119 poznaj\u0105c miasteczko. Z tej w\u0142\u00f3cz\u0119gi najsilniejszy pozosta\u0142 zapach ziemi, schn\u0105cej po \u015bnie w zimowych \u015bniegach.<\/p>\n<p>Wi\u0119ksz\u0105 t\u0119sknot\u0119 wzbudza\u0142 horyzont. Za pierwsz\u0105 i drug\u0105 lini\u0105 drzew rozpoczynaj\u0105 si\u0119 pola. Tam po glebie \u015blizga si\u0119 wiatr, rozp\u0119dza si\u0119 za szeregiem zabudowa\u0144 i hamuje du\u017co dalej, gdy dopada nast\u0119pnych.<\/p>\n<p>To zdj\u0119cie zrobi\u0142em w pi\u0105tek, odbieraj\u0105c wyniki. Inaczej si\u0119 podchodzi do okienka maj\u0105c w pami\u0119ci ostatnie wie\u015bci od przyjaci\u00f3\u0142, walcz\u0105cych o \u017cycie. Nim wezm\u0119 do r\u0119ki kartk\u0119 z cyferkami i klisz\u0119 z opisem, zd\u0105\u017c\u0119 pomy\u015ble\u0107, \u017ce mo\u017ce i mnie przyjdzie przeczyta\u0107 z niej&#65279; fatalne wie\u015bci.<\/p>\n<p>Ale jeszcze nie tym razem. Dzi\u015b to tylko niewielkie \u015blady po zapaleniu p\u0142uc. Antybiotyk ko\u0144cz\u0119 we wtorek.<\/p>\n","protected":false},"excerpt":{"rendered":"<p><img ...\n<\/p>\n","protected":false},"author":1,"featured_media":0,"comment_status":"open","ping_status":"open","sticky":false,"template":"","format":"standard","meta":{"footnotes":""},"categories":[50],"tags":[324,719,186,870,269],"_links":{"self":[{"href":"http:\/\/niecodziennosc.kubic.info\/index.php?rest_route=\/wp\/v2\/posts\/7765"}],"collection":[{"href":"http:\/\/niecodziennosc.kubic.info\/index.php?rest_route=\/wp\/v2\/posts"}],"about":[{"href":"http:\/\/niecodziennosc.kubic.info\/index.php?rest_route=\/wp\/v2\/types\/post"}],"author":[{"embeddable":true,"href":"http:\/\/niecodziennosc.kubic.info\/index.php?rest_route=\/wp\/v2\/users\/1"}],"replies":[{"embeddable":true,"href":"http:\/\/niecodziennosc.kubic.info\/index.php?rest_route=%2Fwp%2Fv2%2Fcomments&post=7765"}],"version-history":[{"count":0,"href":"http:\/\/niecodziennosc.kubic.info\/index.php?rest_route=\/wp\/v2\/posts\/7765\/revisions"}],"wp:attachment":[{"href":"http:\/\/niecodziennosc.kubic.info\/index.php?rest_route=%2Fwp%2Fv2%2Fmedia&parent=7765"}],"wp:term":[{"taxonomy":"category","embeddable":true,"href":"http:\/\/niecodziennosc.kubic.info\/index.php?rest_route=%2Fwp%2Fv2%2Fcategories&post=7765"},{"taxonomy":"post_tag","embeddable":true,"href":"http:\/\/niecodziennosc.kubic.info\/index.php?rest_route=%2Fwp%2Fv2%2Ftags&post=7765"}],"curies":[{"name":"wp","href":"https:\/\/api.w.org\/{rel}","templated":true}]}}