{"id":7768,"date":"2012-08-12T00:04:24","date_gmt":"2012-08-11T22:04:24","guid":{"rendered":"http:\/\/niecodziennosc.kubic.info\/index.php\/2012\/08\/12\/powrot\/"},"modified":"2019-04-11T17:10:41","modified_gmt":"2019-04-11T15:10:41","slug":"powrot","status":"publish","type":"post","link":"http:\/\/niecodziennosc.kubic.info\/?p=7768","title":{"rendered":"Powr\u00f3t"},"content":{"rendered":"<p>Powr\u00f3t znaczony jest ilo\u015bci\u0105 baga\u017cy, kt\u00f3re trzeba wyj\u0105\u0107 z samochodu i wnie\u015b\u0107 na pierwsze pi\u0119tro. W ciszy, w ciemno\u015bci podw\u00f3rka, para ucieka z ust. W Polsce jest zimno. Ch\u0142\u00f3d napotkali\u015bmy gdy zbli\u017cali\u015bmy si\u0119 do pasma Pienin od strony s\u0142owackiej.<\/p>\n<h4>Dom jest nie po to, aby w nim mieszka\u0107, lecz by do niego wraca\u0107.<\/h4>\n<p>W Rumunii noce wype\u0142nia\u0142y mi sny o niejasnych podr\u00f3\u017cach, jakby tej podr\u00f3\u017cy by\u0142o ma\u0142o. Pami\u0119tam obrazy, jeden do\u015b\u0107 wyra\u017anie: po rozpadzie Zwi\u0105zku Radzieckiego opuszczali\u015bmy jego teren, id\u0105c na piechot\u0119, z plecakami po r\u00f3wninie pokrytej rzadkim lasem. Ogl\u0105dn\u0105\u0142em si\u0119 za siebie i zobaczy\u0142em wysoki p\u0142ot z siatki, by\u0142a to granica mi\u0119dzy dwiema by\u0142ymi republikami. Z jednej i drugiej strony pojawili si\u0119 ludzie w wyp\u0142owia\u0142ych, starych panterkach, i z ka\u0142asznikow\u00f3w zacz\u0119li do siebie mierzy\u0107. Pomy\u015bleli\u015bmy &#8211; ja i osoby obok mnie &#8211; \u017ce ludzie tam mieszkaj\u0105cy po prostu tak maj\u0105, \u017ce musz\u0105 ze sob\u0105 walczy\u0107, nawet je\u015bli stali si\u0119 wolni.<\/p>\n<p>M\u00f3j czteroletni syn, pod nieobecno\u015b\u0107 swojej siostry, zaznajomi\u0142 si\u0119 z pewn\u0105 dziewczyn\u0105. Dogaduj\u0105 si\u0119 \u015bwietnie, cho\u0107 ja nie zawsze j\u0105 rozumiem. To dlatego, \u017ce ona m\u00f3wi lepiej po niemiecku, ni\u017c po polsku, mimo, \u017ce jest c\u00f3rk\u0105 kuzyna, z kt\u00f3rym si\u0119 wychowa\u0142em pod jednym dachem. I sta\u0142a si\u0119 taka to kombinacja, o kt\u00f3rej kiedy\u015b nigdy bym nie marzy\u0142, bo nawet nie wiedzia\u0142bym, po co &#8211; \u017ce nasz dom stanie si\u0119 mi\u0119dzynarodowy.<\/p>\n<p>Tak, zn\u00f3w zjawia pytanie: po co. Ale odpowied\u017a dzi\u015b wychyn\u0119\u0142a z ciemno\u015bci i ciszy podw\u00f3rka, w\u0142a\u015bnie tu\u017c po powrocie. Brzmi: dlatego, \u017ce co\u015b wewn\u0105trz nas gna &#8211; w t\u0119 a nie inn\u0105 stron\u0119; i cho\u0107 dziesi\u0105tki innych razy zadajemy sobie pytanie: czy tak trzeba, czy nie tak, to tym razem w\u0105tpliwo\u015bci nie ma; ani pytania &#8222;po co&#8221;.<\/p>\n\n\n<figure class=\"wp-block-image\"><img fetchpriority=\"high\" decoding=\"async\" width=\"500\" height=\"333\" src=\"http:\/\/niecodziennosc.kubic.info\/wp-content\/uploads\/2019\/03\/MG_3630__Version_2.jpg\" alt=\"\" class=\"wp-image-3327\" srcset=\"http:\/\/niecodziennosc.kubic.info\/wp-content\/uploads\/2019\/03\/MG_3630__Version_2.jpg 500w, http:\/\/niecodziennosc.kubic.info\/wp-content\/uploads\/2019\/03\/MG_3630__Version_2-300x200.jpg 300w\" sizes=\"(max-width: 500px) 100vw, 500px\" \/><\/figure>\n","protected":false},"excerpt":{"rendered":"<p>Powr\u00f3t znaczony jest &#8230;<\/p>\n","protected":false},"author":1,"featured_media":0,"comment_status":"open","ping_status":"open","sticky":false,"template":"","format":"standard","meta":{"footnotes":""},"categories":[50],"tags":[719,208],"_links":{"self":[{"href":"http:\/\/niecodziennosc.kubic.info\/index.php?rest_route=\/wp\/v2\/posts\/7768"}],"collection":[{"href":"http:\/\/niecodziennosc.kubic.info\/index.php?rest_route=\/wp\/v2\/posts"}],"about":[{"href":"http:\/\/niecodziennosc.kubic.info\/index.php?rest_route=\/wp\/v2\/types\/post"}],"author":[{"embeddable":true,"href":"http:\/\/niecodziennosc.kubic.info\/index.php?rest_route=\/wp\/v2\/users\/1"}],"replies":[{"embeddable":true,"href":"http:\/\/niecodziennosc.kubic.info\/index.php?rest_route=%2Fwp%2Fv2%2Fcomments&post=7768"}],"version-history":[{"count":1,"href":"http:\/\/niecodziennosc.kubic.info\/index.php?rest_route=\/wp\/v2\/posts\/7768\/revisions"}],"predecessor-version":[{"id":8812,"href":"http:\/\/niecodziennosc.kubic.info\/index.php?rest_route=\/wp\/v2\/posts\/7768\/revisions\/8812"}],"wp:attachment":[{"href":"http:\/\/niecodziennosc.kubic.info\/index.php?rest_route=%2Fwp%2Fv2%2Fmedia&parent=7768"}],"wp:term":[{"taxonomy":"category","embeddable":true,"href":"http:\/\/niecodziennosc.kubic.info\/index.php?rest_route=%2Fwp%2Fv2%2Fcategories&post=7768"},{"taxonomy":"post_tag","embeddable":true,"href":"http:\/\/niecodziennosc.kubic.info\/index.php?rest_route=%2Fwp%2Fv2%2Ftags&post=7768"}],"curies":[{"name":"wp","href":"https:\/\/api.w.org\/{rel}","templated":true}]}}