{"id":7772,"date":"2012-07-28T23:43:30","date_gmt":"2012-07-28T21:43:30","guid":{"rendered":"http:\/\/niecodziennosc.kubic.info\/index.php\/2012\/07\/28\/piec-minut-mlodzienczej-fascynacji\/"},"modified":"2012-07-28T23:43:30","modified_gmt":"2012-07-28T21:43:30","slug":"piec-minut-mlodzienczej-fascynacji","status":"publish","type":"post","link":"http:\/\/niecodziennosc.kubic.info\/?p=7772","title":{"rendered":"Pi\u0119\u0107 minut m\u0142odzie\u0144czej fascynacji"},"content":{"rendered":"<p><object width=\"500\" height=\"281\"><param name=\"movie\" value=\"http:\/\/www.youtube.com\/v\/V8IFkmQOHgg?version=3&#038;hl=pl_PL&#038;rel=0\" \/><param name=\"allowFullScreen\" value=\"true\" \/><param name=\"allowscriptaccess\" value=\"always\" \/><embed width=\"500\" height=\"281\" src=\"http:\/\/www.youtube.com\/v\/V8IFkmQOHgg?version=3&#038;hl=pl_PL&#038;rel=0\" type=\"application\/x-shockwave-flash\" allowscriptaccess=\"always\" allowfullscreen=\"true\" \/><\/object><font size=\"2\"><\/p>\n<p>Po prostu zobacz \ud83d\ude42 Tam by\u0142em, to widzia\u0142em, co\u015b takiego poczu\u0142em. To migawki z \u017cycia warsztatowego oraz fragmenty rodz\u0105cego si\u0119 spektaklu. Informacj\u0119 o projekcie znajdziecie na stronie <a href=\"http:\/\/www.bagatela.krakow.pl\/lwt\/\" target=\"_blank\" rel=\"noopener noreferrer\">Lato w teatrze, Krak\u00f3w 01 &#8211; Teatr Bagatela<\/a>.<\/p>\n<p>A tak arty\u015bci promowali sw\u00f3j spektakl:<\/p>\n<p><img decoding=\"async\" border=\"0\" alt=\"\" src=\"wp-content\/uploads\/2019\/03\/lwtpromocjas.jpg\" \/><\/p>\n<p>Dzi\u015b odby\u0142a si\u0119 premiera, zapraszamy jeszcze jutro &#8211; Teatr Bagatela, Scena na Sarego 7, Krak\u00f3w, godz. 19.15.<br \/><\/font><\/p>\n","protected":false},"excerpt":{"rendered":"<p><object width=\"500\" ...\n<\/p>\n","protected":false},"author":1,"featured_media":0,"comment_status":"open","ping_status":"open","sticky":false,"template":"","format":"standard","meta":{"footnotes":""},"categories":[27],"tags":[607,877,271,880],"_links":{"self":[{"href":"http:\/\/niecodziennosc.kubic.info\/index.php?rest_route=\/wp\/v2\/posts\/7772"}],"collection":[{"href":"http:\/\/niecodziennosc.kubic.info\/index.php?rest_route=\/wp\/v2\/posts"}],"about":[{"href":"http:\/\/niecodziennosc.kubic.info\/index.php?rest_route=\/wp\/v2\/types\/post"}],"author":[{"embeddable":true,"href":"http:\/\/niecodziennosc.kubic.info\/index.php?rest_route=\/wp\/v2\/users\/1"}],"replies":[{"embeddable":true,"href":"http:\/\/niecodziennosc.kubic.info\/index.php?rest_route=%2Fwp%2Fv2%2Fcomments&post=7772"}],"version-history":[{"count":0,"href":"http:\/\/niecodziennosc.kubic.info\/index.php?rest_route=\/wp\/v2\/posts\/7772\/revisions"}],"wp:attachment":[{"href":"http:\/\/niecodziennosc.kubic.info\/index.php?rest_route=%2Fwp%2Fv2%2Fmedia&parent=7772"}],"wp:term":[{"taxonomy":"category","embeddable":true,"href":"http:\/\/niecodziennosc.kubic.info\/index.php?rest_route=%2Fwp%2Fv2%2Fcategories&post=7772"},{"taxonomy":"post_tag","embeddable":true,"href":"http:\/\/niecodziennosc.kubic.info\/index.php?rest_route=%2Fwp%2Fv2%2Ftags&post=7772"}],"curies":[{"name":"wp","href":"https:\/\/api.w.org\/{rel}","templated":true}]}}