{"id":7774,"date":"2012-07-24T19:24:33","date_gmt":"2012-07-24T17:24:33","guid":{"rendered":"http:\/\/niecodziennosc.kubic.info\/index.php\/2012\/07\/24\/z-maska-ci-do-twarzy\/"},"modified":"2019-05-05T01:42:15","modified_gmt":"2019-05-04T23:42:15","slug":"z-maska-ci-do-twarzy","status":"publish","type":"post","link":"http:\/\/niecodziennosc.kubic.info\/?p=7774","title":{"rendered":"Z mask\u0105 ci do twarzy"},"content":{"rendered":"<p><font size=\"2\">Zadziwiaj\u0105ce jest to, \u017ce kiedy cz\u0142owiek nauczy si\u0119 w ko\u0144cu ubiera\u0107 r\u00f3\u017cne maski, a przynajmniej jedn\u0105, to potem przychodzi mu to z zadziwiaj\u0105c\u0105 \u0142atwo\u015bci\u0105. Staje si\u0119 wr\u0119cz codzienne i odruchowe. A przecie\u017c czasem si\u0119 zdarzy, \u017ce dobrze by\u0142oby t\u0119 mask\u0119 \u015bci\u0105gn\u0105\u0107, albo najlepiej w og\u00f3le nie ubiera\u0107.\u00a0<\/font><\/p>\n","protected":false},"excerpt":{"rendered":"<p><font ...\n<\/p>\n","protected":false},"author":1,"featured_media":0,"comment_status":"open","ping_status":"open","sticky":false,"template":"","format":"standard","meta":{"footnotes":""},"categories":[22,909],"tags":[607,38],"_links":{"self":[{"href":"http:\/\/niecodziennosc.kubic.info\/index.php?rest_route=\/wp\/v2\/posts\/7774"}],"collection":[{"href":"http:\/\/niecodziennosc.kubic.info\/index.php?rest_route=\/wp\/v2\/posts"}],"about":[{"href":"http:\/\/niecodziennosc.kubic.info\/index.php?rest_route=\/wp\/v2\/types\/post"}],"author":[{"embeddable":true,"href":"http:\/\/niecodziennosc.kubic.info\/index.php?rest_route=\/wp\/v2\/users\/1"}],"replies":[{"embeddable":true,"href":"http:\/\/niecodziennosc.kubic.info\/index.php?rest_route=%2Fwp%2Fv2%2Fcomments&post=7774"}],"version-history":[{"count":1,"href":"http:\/\/niecodziennosc.kubic.info\/index.php?rest_route=\/wp\/v2\/posts\/7774\/revisions"}],"predecessor-version":[{"id":9038,"href":"http:\/\/niecodziennosc.kubic.info\/index.php?rest_route=\/wp\/v2\/posts\/7774\/revisions\/9038"}],"wp:attachment":[{"href":"http:\/\/niecodziennosc.kubic.info\/index.php?rest_route=%2Fwp%2Fv2%2Fmedia&parent=7774"}],"wp:term":[{"taxonomy":"category","embeddable":true,"href":"http:\/\/niecodziennosc.kubic.info\/index.php?rest_route=%2Fwp%2Fv2%2Fcategories&post=7774"},{"taxonomy":"post_tag","embeddable":true,"href":"http:\/\/niecodziennosc.kubic.info\/index.php?rest_route=%2Fwp%2Fv2%2Ftags&post=7774"}],"curies":[{"name":"wp","href":"https:\/\/api.w.org\/{rel}","templated":true}]}}