{"id":7801,"date":"2012-05-20T00:37:51","date_gmt":"2012-05-19T22:37:51","guid":{"rendered":"http:\/\/niecodziennosc.kubic.info\/index.php\/2012\/05\/20\/jestem-sam-czyli-cwiczenia-z-pisania-o-niczym-nr-kolejny\/"},"modified":"2019-05-05T01:42:15","modified_gmt":"2019-05-04T23:42:15","slug":"jestem-sam-czyli-cwiczenia-z-pisania-o-niczym-nr-kolejny","status":"publish","type":"post","link":"http:\/\/niecodziennosc.kubic.info\/?p=7801","title":{"rendered":"Jestem sam, czyli \u0107wiczenia z pisania o niczym nr kolejny"},"content":{"rendered":"<p><font size=\"2\">Wr\u00f3ci\u0142em do mieszkania, w kt\u00f3rym bywam sporadycznie. To moje mieszkanie, mojej rodziny. Jest zupe\u0142nie puste i pod tym wzgl\u0119dem tak niepodobne do tego, kt\u00f3re znam. Obiecuj\u0119 sobie, \u017ce go nie zaniedbam, jak r\u00f3wnie\u017c nie zaniedbam siebie, co by\u0142oby mo\u017cliwe z tego wzgl\u0119du, \u017ce opr\u00f3cz konieczno\u015bci chodzenia do pracy i konieczno\u015bci robienia paru tylko rzeczy, m\u00f3g\u0142bym si\u0119 zupe\u0142nie oderwa\u0107 od czasu i rytmu \u017cycia. Praktyka wskazuje jednak, \u017ce to sko\u0144czy\u0142oby si\u0119 ostr\u0105 frustracj\u0105, bo niczego sensownego nie zrobi\u0119, a to co zrobi\u0119, nie pozostawi po sobie cienia zadowolenia. <\/p>\n<p>Obecny stan mie\u015bci w sobie dwie schizofreniczne strony. Pierwsza &#8211; jestem sam, z nikim nie musz\u0119 si\u0119 liczy\u0107, nikomu pomaga\u0107, prze\u017cywa\u0107 jego emocji, <\/font><font size=\"2\">nikt mi nie wchodzi w drog\u0119<\/font><font size=\"2\">. Druga jest przeciwie\u0144stwem pierwszej &#8211; na szcz\u0119\u015bcie wiem, \u017ce ten stan nie b\u0119dzie trwa\u0142 wiecznie. I ca\u0142e szcz\u0119\u015bcie. <\/p>\n<p>Tak wi\u0119c jestem sam i to mi si\u0119 podoba, ale podoba mi si\u0119 tym bardziej, \u017ce wiem, albo przynajmniej spodziewam si\u0119, \u017ce za kilka dni to si\u0119 zmieni i puste \u015bciany zat\u0119tni\u0105 \u017cyciem.<\/p>\n<p><img decoding=\"async\" border=\"0\" src=\"wp-content\/uploads\/2019\/03\/_MG_3382.jpg\" alt=\"\" \/><\/p>\n<p>To niesamowite do\u015bwiadczenie, \u017ce przechodz\u0105c obok sprz\u0119t\u00f3w codziennego u\u017cytku &#8211; szafek, biurka, pralki, kuchenki gazowej, wieszaka na klucze, p\u00f3\u0142ek z zabawkami &#8211; czuj\u0119 tych ludzi, kt\u00f3rzy na co dzie\u0144 ich dotykaj\u0105, jakby unosili si\u0119 nieprzerwanie gdzie\u015b wok\u00f3\u0142. Z drugiej strony &#8211; nie ma ich. Albo raczej &#8211; s\u0105 jak zamro\u017ceni, zatrzymani. A to po to, abym ja m\u00f3g\u0142 zebra\u0107 si\u0119 w sobie i ich dogoni\u0107 &#8211; ich emocje, ich \u017cycie, kt\u00f3remu zwykle nie mog\u0119 dotrzyma\u0107 kroku. Jak np. dzieci &#8211; te k\u0142\u00f3tnie, rado\u015bci, fascynacje, nieko\u0144cz\u0105ce si\u0119 oczekiwanie na szale\u0144stwa z ojcem, kt\u00f3ry hu\u015btaj\u0105c je na swoim grzbiecie traci oddech.<\/p>\n<p>Zatopi\u0142em si\u0119 w pracy. Ko\u0144cz\u0119 ud\u017awi\u0119kowianie prostych filmik\u00f3w. Komputer je sobie kompresuje, a ja pisz\u0119 na blogu. Przeszukuj\u0119 kana\u0142y jak Planete, Discovery, i pr\u00f3buj\u0119 nie notowa\u0107 reklam, durnych i obscenicznych, w kt\u00f3rych ju\u017c tak po prostu m\u00f3wi si\u0119 o jelitach, wypr\u00f3\u017cnianiu, pachach, sk\u00f3rze, paznokciach i w\u0142osach. Rety, jak nisko upadamy, nawet je\u015bli jeste\u015bmy do b\u00f3lu wypiel\u0119gnowani i sterylni. <\/p>\n<p>Ch\u0142on\u0119 pustk\u0119 \u015bcian. Pod tapczanem kupiony wczoraj, tanio, o\u015bmiopak Warki. Przypominacz w telefonie m\u00f3wi, \u017ce sko\u0144czy\u0142o si\u0119 pranie i trzeba powiesi\u0107. Na stole obok pusta patelnia po jajecznicy, talerz z widelcem, miseczka z \u0142y\u017ceczk\u0105. <br \/><\/font><font size=\"2\"><br \/>\nW tym spokoju i bezruchu powraca tylko co jaki\u015b czas my\u015bl, \u017ce Beniamin jest w szpitalu w Rumunii. A obok niego &#8211; jego matka, dzieli w\u0105skie \u0142\u00f3\u017cko. Odwodni\u0142 si\u0119, bo on, jak zacznie wymiotowa\u0107, to robi to zwykle przez ca\u0142\u0105 noc. On pierwszy z naszych dzieci,<br \/>\n Polak i Rumun w jednej osobie, sprawdzi tamtejsz\u0105 s\u0142u\u017cb\u0119 zdrowia&#8230;<\/p>\n<p>Dobranoc&#8230;<br \/><\/font><\/p>\n","protected":false},"excerpt":{"rendered":"<p><font size=\"2\">Wr\u00f3ci\u0142em &#8230;<\/p>\n","protected":false},"author":1,"featured_media":0,"comment_status":"open","ping_status":"open","sticky":false,"template":"","format":"standard","meta":{"footnotes":""},"categories":[50,909],"tags":[607,38,638,882,747],"_links":{"self":[{"href":"http:\/\/niecodziennosc.kubic.info\/index.php?rest_route=\/wp\/v2\/posts\/7801"}],"collection":[{"href":"http:\/\/niecodziennosc.kubic.info\/index.php?rest_route=\/wp\/v2\/posts"}],"about":[{"href":"http:\/\/niecodziennosc.kubic.info\/index.php?rest_route=\/wp\/v2\/types\/post"}],"author":[{"embeddable":true,"href":"http:\/\/niecodziennosc.kubic.info\/index.php?rest_route=\/wp\/v2\/users\/1"}],"replies":[{"embeddable":true,"href":"http:\/\/niecodziennosc.kubic.info\/index.php?rest_route=%2Fwp%2Fv2%2Fcomments&post=7801"}],"version-history":[{"count":1,"href":"http:\/\/niecodziennosc.kubic.info\/index.php?rest_route=\/wp\/v2\/posts\/7801\/revisions"}],"predecessor-version":[{"id":9046,"href":"http:\/\/niecodziennosc.kubic.info\/index.php?rest_route=\/wp\/v2\/posts\/7801\/revisions\/9046"}],"wp:attachment":[{"href":"http:\/\/niecodziennosc.kubic.info\/index.php?rest_route=%2Fwp%2Fv2%2Fmedia&parent=7801"}],"wp:term":[{"taxonomy":"category","embeddable":true,"href":"http:\/\/niecodziennosc.kubic.info\/index.php?rest_route=%2Fwp%2Fv2%2Fcategories&post=7801"},{"taxonomy":"post_tag","embeddable":true,"href":"http:\/\/niecodziennosc.kubic.info\/index.php?rest_route=%2Fwp%2Fv2%2Ftags&post=7801"}],"curies":[{"name":"wp","href":"https:\/\/api.w.org\/{rel}","templated":true}]}}