{"id":7805,"date":"2012-05-16T01:43:51","date_gmt":"2012-05-15T23:43:51","guid":{"rendered":"http:\/\/niecodziennosc.kubic.info\/index.php\/2012\/05\/16\/czy-jestem-swiadkiem\/"},"modified":"2012-05-16T01:43:51","modified_gmt":"2012-05-15T23:43:51","slug":"czy-jestem-swiadkiem","status":"publish","type":"post","link":"http:\/\/niecodziennosc.kubic.info\/?p=7805","title":{"rendered":"Czy jestem \u015awiadkiem"},"content":{"rendered":"<p><font size=\"2\">Dzi\u015b zapytano mnie o opini\u0119: co \u015awiadkowie J. s\u0105dz\u0105 o in vitro. Odpowiedzia\u0142em, \u017ce nie wiem, nie jestem \u015awiadkiem. I tu nast\u0105pi\u0142o zdziwienie mojego rozm\u00f3wcy. <\/p>\n<p>Przypominam sobie, jak w liceum kolega mnie upomina\u0142 &#8211; dlaczego nie chc\u0119 przyzna\u0107, \u017ce jestem \u015awiadkiem? Wychodzi\u0142em na kogo\u015b, kto si\u0119 wstydzi swojej &quot;przynale\u017cno\u015bci&quot;. Na pr\u00f3\u017cno t\u0142umaczy\u0142em, \u017ce nie jestem \u015awiadkiem. <\/p>\n<p>Do dzi\u015b widz\u0119, \u017ce ten temat jest czarn\u0105 dziur\u0105 w \u015bwiadomo\u015bci Polak\u00f3w. &quot;Je\u015bli jeste\u015b wierz\u0105cy i nie jeste\u015b Katolikiem, to z pewno\u015bci\u0105 jeste\u015b \u015awiadkiem&quot;. <\/p>\n<p>Tymczasem przegl\u0105dnijcie dokument <a href=\"http:\/\/www.google.pl\/url?sa=t&#038;rct=j&#038;q=&#038;esrc=s&#038;source=web&#038;cd=5&#038;ved=0CHUQFjAE&#038;url=http%3A%2F%2Fwww.stat.gov.pl%2Fcps%2Frde%2Fxbcr%2Fgus%2FPUBL_oz_wyzn_rel_stow_nar_i_etn_w_pol_2006-2008.pdf&#038;ei=0t-yT4_iLYXj4QT8tvWnCQ&#038;usg=AFQjCNFffva77tI7ts9nhDZQfW_Q-LFVJQ&#038;sig2=q3K15bQzUz_yHzAMQGauRw\">Wyznania religijne &#8211; Stowarzyszenia Narodowo\u015bciowe i Etniczne<\/a> (pdf). Na przyk\u0142ad od str. 30 jest lista wyzna\u0144 u\u0142o\u017cona wed\u0142ug populacji. \u015awiadkowie rzeczywi\u015bcie s\u0105 tam na trzecim miejscu, po Ko\u015bciele Rzymskokatolickim oraz Prawos\u0142awnym. Ale dalej nast\u0119puje lista kilkudziesi\u0119ciu wyzna\u0144, z kt\u00f3rych wi\u0119kszo\u015b\u0107 jest chrze\u015bcija\u0144ska. Ale niewielu Polak\u00f3w zdaje sobie z niej spraw\u0119. Pr\u00f3\u017cno o tym m\u00f3wi\u0107 &#8211; ludzie nie wiedz\u0105, co to znaczy &#8211; &quot;inne grupy&quot;, \u017ce &quot;jest ich wiele&quot; itd. Zreszt\u0105 mam wra\u017cenie, \u017ce sama obecno\u015b\u0107 \u015awiadk\u00f3w i to, \u017ce my\u015bl\u0105 inaczej ni\u017c &quot;reszta&quot;, jest czym\u015b dziwnym i tajemniczym, i jakby przekraczaj\u0105cym mo\u017cliwo\u015b\u0107 zrozumienia tego prostego faktu, \u017ce tak mo\u017cna. <\/p>\n<p>Zabobony w stylu: &quot;wy macie inne Pismo \u015awi\u0119te&quot;&#8230;.. dowodz\u0105 nieznajomo\u015bci tematu. Zreszt\u0105 trudno rozmawia\u0107 o religii, gdy\u017c temat przewa\u017cnie kieruje si\u0119 w stron\u0119 r\u00f3\u017cnic mi\u0119dzy grupami religijnymi, czyli w stron\u0119 czego\u015b, co mo\u017cna by nazwa\u0107 polityk\u0105 mi\u0119dzywyznaniow\u0105. Ludzie rozmawiaj\u0105 o tym &#8211; &quot;jak si\u0119 u was uwa\u017ca, a u nas uwa\u017ca si\u0119 tak&quot;. <\/p>\n<p>Tymczasem rozmowa o wierze ma sens wtedy, kiedy toczy si\u0119 mi\u0119dzy dwoma lud\u017ami i rozmawiaj\u0105 tylko o swoich przekonaniach. W takiej rozmowie nie istnieje ponad nimi \u017caden ko\u015bci\u00f3\u0142, \u017cadna grupa, biskupi, starsi i tak dalej. Przed Najwy\u017cszym nie ma znaczenia, co s\u0105dzi o wierze m\u00f3j proboszcz czy przewodnicz\u0105cy mojego zboru, tylko co my\u015bl\u0119 ja sam.<\/p>\n<p>Mam wra\u017cenie, \u017ce odruchowo oczekujemy od kap\u0142an\u00f3w i biskup\u00f3w, \u017ceby jako znaj\u0105cy si\u0119 na rzeczy za\u0142atwili to, co trzeba w naszym kontakcie z Bogiem. I mo\u017ce nawet nie wyobra\u017camy sobie, \u017ce B\u00f3g istnieje niezale\u017cnie od ka\u017cdego z ko\u015bcio\u0142\u00f3w i wyzna\u0144. <\/p>\n<p>Ale to jest fantastyczne, \u017ce nikt nie ma monopolu na dost\u0119p do Najwy\u017cszego. Nie potrzebujemy ludzkich po\u015brednik\u00f3w, aby si\u0119 do Niego zbli\u017cy\u0107. Wystarczy wzi\u0105\u0107 Pismo \u015awi\u0119te, wszystko jedno przez kogo wydane, aby si\u0119 o tym przekona\u0107. Prawdziwy Ko\u015bci\u00f3\u0142 ma swoje miejsce w niebie, a jaka\u015b formacja tu, na ziemi, b\u0119dzie tylko lepsz\u0105 lub gorsz\u0105 jego imitacj\u0105. Nie ma obowi\u0105zku \u015blepego pos\u0142usze\u0144stwa wzgl\u0119dem niej. Ona nie ma w\u0142adzy nad dusz\u0105, nie ma w\u0142adzy odpuszczania grzech\u00f3w, reglamentowania przebaczenia, oskar\u017cania, os\u0105dzania. <\/p>\n<p>No ale kogo sta\u0107 na samodzielno\u015b\u0107&#8230;&#8230;. <br \/><\/font><\/p>\n","protected":false},"excerpt":{"rendered":"<p><font size=\"2\">Dzi\u015b &#8230;<\/p>\n","protected":false},"author":1,"featured_media":0,"comment_status":"open","ping_status":"open","sticky":false,"template":"","format":"standard","meta":{"footnotes":""},"categories":[130],"tags":[890,882,357],"_links":{"self":[{"href":"http:\/\/niecodziennosc.kubic.info\/index.php?rest_route=\/wp\/v2\/posts\/7805"}],"collection":[{"href":"http:\/\/niecodziennosc.kubic.info\/index.php?rest_route=\/wp\/v2\/posts"}],"about":[{"href":"http:\/\/niecodziennosc.kubic.info\/index.php?rest_route=\/wp\/v2\/types\/post"}],"author":[{"embeddable":true,"href":"http:\/\/niecodziennosc.kubic.info\/index.php?rest_route=\/wp\/v2\/users\/1"}],"replies":[{"embeddable":true,"href":"http:\/\/niecodziennosc.kubic.info\/index.php?rest_route=%2Fwp%2Fv2%2Fcomments&post=7805"}],"version-history":[{"count":0,"href":"http:\/\/niecodziennosc.kubic.info\/index.php?rest_route=\/wp\/v2\/posts\/7805\/revisions"}],"wp:attachment":[{"href":"http:\/\/niecodziennosc.kubic.info\/index.php?rest_route=%2Fwp%2Fv2%2Fmedia&parent=7805"}],"wp:term":[{"taxonomy":"category","embeddable":true,"href":"http:\/\/niecodziennosc.kubic.info\/index.php?rest_route=%2Fwp%2Fv2%2Fcategories&post=7805"},{"taxonomy":"post_tag","embeddable":true,"href":"http:\/\/niecodziennosc.kubic.info\/index.php?rest_route=%2Fwp%2Fv2%2Ftags&post=7805"}],"curies":[{"name":"wp","href":"https:\/\/api.w.org\/{rel}","templated":true}]}}