{"id":7830,"date":"2012-03-26T00:23:48","date_gmt":"2012-03-25T22:23:48","guid":{"rendered":"http:\/\/niecodziennosc.kubic.info\/index.php\/2012\/03\/26\/zwyciestwem-jest-przegrac\/"},"modified":"2012-03-26T00:23:48","modified_gmt":"2012-03-25T22:23:48","slug":"zwyciestwem-jest-przegrac","status":"publish","type":"post","link":"http:\/\/niecodziennosc.kubic.info\/?p=7830","title":{"rendered":"Zwyci\u0119stwem jest przegra\u0107"},"content":{"rendered":"<p><font size=\"2\"><br \/>\nTekst, kt\u00f3rego autorem jest Jaros\u0142aw Makowski, opublikowany w Magazynie Gazety Wyborczej 24-25 marca 2012, poruszy\u0142 mnie na tyle, \u017ce jego fragmenty chc\u0119 tutaj przytoczy\u0107. <\/font><\/p>\n<div style=\"margin-left: 40px;\"><font size=\"2\">&#8230;katolicyzm otwarty, jako jedyny autentyczny spos\u00f3b prze\u017cywania chrze\u015bcija\u0144skiej wiary, musi pozosta\u0107 marginesem Ko\u015bcio\u0142a. Nigdy nie b\u0119dzie to nurt, kt\u00f3ry popieraliby biskupi, gdy\u017c rezygnuje z w\u0142adzy. Nigdy nie b\u0119dzie sta\u0142a za nim \u017cadna si\u0142a polityczna w postaci partii, gdy\u017c jego polityk\u0105 jest Dobra Nowina, a nie &quot;Dobra Ustawa&quot;. Nie b\u0119dzie mia\u0142 za sob\u0105 silnych i wp\u0142ywowych medi\u00f3w, gdy\u017c nie tyle chce indoktrynowa\u0107 ludzi, ile g\u0142osi\u0107 Ewangeli\u0119. (&#8230;)<\/font><\/p>\n<p><font size=\"2\">&#8230;katolicyzm otwarty jest &quot;katolicyzmem s\u0142abym&quot;. C\u00f3\u017c w tym przypadku znaczy &quot;s\u0142abo\u015b\u0107&quot;? Ano to, \u017ce odrzuca si\u0119 \u015bwiadomie hierarchiczn\u0105 w\u0142adz\u0119 ko\u015bcieln\u0105 i polityczn\u0105. \u017be m\u00f3wi si\u0119 &quot;nie&quot; przywilejom i apana\u017com. \u017be wyrzeka si\u0119 triumfalizmu. \u017be rezygnuje si\u0119 z pot\u0119pie\u0144. <\/font><\/p>\n<p><font size=\"2\">&#8230;co powiedzie\u0107 o misji Jezusa, kt\u00f3ra ko\u0144czy si\u0119 przecie\u017c spektakularn\u0105 kl\u0119sk\u0105? \u015aw. Pawe\u0142: &quot;Moc w s\u0142abo\u015bci si\u0119 doskonali&quot;. I dlatego dla Jezusa nie tyle liczy si\u0119 przemoc, co niemoc. Nie tyle w\u0142adza, co s\u0142u\u017cba. Nie tyle prawda, co mi\u0142o\u015b\u0107. Nie tyle sukces, co pokora. Nie tyle zwyci\u0119stwo, kt\u00f3re oznacza\u0107 b\u0119dzie triumf w oczach ludzi, co pora\u017cka, kt\u00f3ra b\u0119dzie oznacza\u0107 zwyci\u0119stwo w oczach Boga. <\/font><\/p>\n<p><font size=\"2\">I dlatego Ko\u015bci\u00f3\u0142 instytucjonalny boi si\u0119 ja diabe\u0142 \u015bwi\u0119conej wody &quot;pora\u017cki&quot; w znaczeniu, kt\u00f3re nada\u0142 jej Jezus. Bo Ko\u015bci\u00f3\u0142 za wszelk\u0105 cen\u0119 chce by\u0107 po stronie tzw. zwyci\u0119zc\u00f3w, tu i teraz. Chce by\u0107 po stronie tych, kt\u00f3rzy tu i teraz maj\u0105 racj\u0119. tu i teraz chc\u0105 praw i przywilej\u00f3w, tu i teraz chc\u0105 cieszy\u0107 si\u0119 uznaniem i presti\u017cem, tu i teraz pomna\u017caj\u0105 bogactwo. (&#8230;)<\/font><\/p>\n<p><font size=\"2\">&#8230;Ko\u015bci\u00f3\u0142 dor\u00f3s\u0142by do Ewangelii, gdyby id\u0105c za rad\u0105, jak\u0105 da\u0142 bogatemu m\u0142odzie\u0144cowi Chrystus, pozby\u0142 si\u0119 swojego bogactwa. Rozda\u0142 je biednym i poni\u017conym. Gdyby, co by\u0142oby rzeczywistym skandalem w oczach \u015bwiata, poni\u00f3s\u0142 w spos\u00f3b ostateczny &quot;bankructwo&quot;. Przegrana Ko\u015bcio\u0142a w oczach \u015bwiata by\u0142aby ostatecznym jego zwyci\u0119stwem w oczach Boga!<\/font><\/p>\n<p><font size=\"2\">Powiecie, \u017ce to marzenia \u015bci\u0119tej g\u0142owy? Jasne. Dlatego Ko\u015bci\u00f3\u0142 potrzebuje &quot;s\u0142abych katolik\u00f3w&quot;, kt\u00f3rzy po raz kolejny za\u015bwiadcz\u0105 o wiarygodno\u015bci przes\u0142ania ewangelicznego. <\/font><\/p>\n<p><font size=\"2\">\u015awiadkowie Jezusa z Nazaretu od pocz\u0105tku stanowili &quot;garstk\u0119&quot;. I tak ju\u017c zostanie. Niestety. <\/font><\/p>\n<\/div>\n<p><font size=\"2\">Fantastyczna analiza, my\u015bl\u0119 \u017ce te same mechanizmy pojawiaj\u0105 si\u0119, w r\u00f3\u017cnym nasileniu, w ka\u017cdej wi\u0119kszej grupie chrze\u015bcija\u0144skiej, kt\u00f3ra z czasem rozrasta si\u0119 do rozmiar\u00f3w, przy kt\u00f3rych &quot;nale\u017cy ju\u017c&quot; wprowadzi\u0107 dodatkowe prawa reguluj\u0105ce, &quot;zasady&quot;, &quot;ograniczenia&quot;, &quot;hierarchi\u0119&quot; &#8211; a to wszystko w celu utrzymania to\u017csamo\u015bci tej wi\u0119kszej grupy. Odwieczna jest te\u017c tendencja wywy\u017cszania sobie widzialnego &quot;przedstawiciela bo\u017cego&quot;, kt\u00f3remu mo\u017cna by oddawa\u0107 pok\u0142ony. Widzialnej i usankcjonowanej segregacji &#8211; na tych lepszych, wy\u017cszych, bardziej \u015bwi\u0119tych ni\u017c inni&#8230;.\u00a0 <\/font><\/p>\n","protected":false},"excerpt":{"rendered":"<p><font size=\"2\"> Tekst, &#8230;<\/p>\n","protected":false},"author":1,"featured_media":0,"comment_status":"open","ping_status":"open","sticky":false,"template":"","format":"standard","meta":{"footnotes":""},"categories":[24],"tags":[890,357],"_links":{"self":[{"href":"http:\/\/niecodziennosc.kubic.info\/index.php?rest_route=\/wp\/v2\/posts\/7830"}],"collection":[{"href":"http:\/\/niecodziennosc.kubic.info\/index.php?rest_route=\/wp\/v2\/posts"}],"about":[{"href":"http:\/\/niecodziennosc.kubic.info\/index.php?rest_route=\/wp\/v2\/types\/post"}],"author":[{"embeddable":true,"href":"http:\/\/niecodziennosc.kubic.info\/index.php?rest_route=\/wp\/v2\/users\/1"}],"replies":[{"embeddable":true,"href":"http:\/\/niecodziennosc.kubic.info\/index.php?rest_route=%2Fwp%2Fv2%2Fcomments&post=7830"}],"version-history":[{"count":0,"href":"http:\/\/niecodziennosc.kubic.info\/index.php?rest_route=\/wp\/v2\/posts\/7830\/revisions"}],"wp:attachment":[{"href":"http:\/\/niecodziennosc.kubic.info\/index.php?rest_route=%2Fwp%2Fv2%2Fmedia&parent=7830"}],"wp:term":[{"taxonomy":"category","embeddable":true,"href":"http:\/\/niecodziennosc.kubic.info\/index.php?rest_route=%2Fwp%2Fv2%2Fcategories&post=7830"},{"taxonomy":"post_tag","embeddable":true,"href":"http:\/\/niecodziennosc.kubic.info\/index.php?rest_route=%2Fwp%2Fv2%2Ftags&post=7830"}],"curies":[{"name":"wp","href":"https:\/\/api.w.org\/{rel}","templated":true}]}}