{"id":7844,"date":"2012-02-16T00:03:07","date_gmt":"2012-02-15T23:03:07","guid":{"rendered":"http:\/\/niecodziennosc.kubic.info\/index.php\/2012\/02\/16\/o-pewnej-kobiecie\/"},"modified":"2019-05-05T01:42:16","modified_gmt":"2019-05-04T23:42:16","slug":"o-pewnej-kobiecie","status":"publish","type":"post","link":"http:\/\/niecodziennosc.kubic.info\/?p=7844","title":{"rendered":"O pewnej kobiecie"},"content":{"rendered":"<p><font size=\"2\">Oto felieton otwieraj\u0105cy cykl moich tekst\u00f3w w miesi\u0119czniku <a href=\"http:\/\/www.magazyncukrzyca.pl\/\">Cukrzyca<\/a>. Lecz czy to o kobiecie, czy o chorobie, a mo\u017ce kobieta i choroba s\u0105 tak do siebie podobne, \u017ce&#8230;<br \/>Aby przeczyta\u0107 trzeba klikn\u0105\u0107 na artyku\u0142. \ud83d\ude42<br \/><\/font><\/p>\n<div>\n<div><object style=\"width: 420px; height: 297px;\"><param name=\"movie\" value=\"http:\/\/static.issuu.com\/webembed\/viewers\/style1\/v1\/IssuuViewer.swf?mode=embed&#038;layout=http%3A%2F%2Fskin.issuu.com%2Fv%2Flight%2Flayout.xml&#038;showFlipBtn=true&#038;pageNumber=42&#038;documentId=120113090822-08f2263f835640f19c19c3d56b302972&#038;docName=cukrzyca_09_2011&#038;username=MagazynCukrzyca&#038;loadingInfoText=Magazyn%20Cukrzyca%2009%2F2011&#038;et=1329346952596&#038;er=71\" \/><param name=\"allowfullscreen\" value=\"true\" \/><param name=\"menu\" value=\"false\" \/><embed src=\"http:\/\/static.issuu.com\/webembed\/viewers\/style1\/v1\/IssuuViewer.swf\" type=\"application\/x-shockwave-flash\" allowfullscreen=\"true\" menu=\"false\" style=\"width: 500px; height: 350px;\" flashvars=\"mode=embed&#038;layout=http%3A%2F%2Fskin.issuu.com%2Fv%2Flight%2Flayout.xml&#038;showFlipBtn=true&#038;pageNumber=42&#038;documentId=120113090822-08f2263f835640f19c19c3d56b302972&#038;docName=cukrzyca_09_2011&#038;username=MagazynCukrzyca&#038;loadingInfoText=Magazyn%20Cukrzyca%2009%2F2011&#038;et=1329346952596&#038;er=71\" \/><\/object><\/p>\n<div style=\"width: 420px; text-align: left;\"><a href=\"http:\/\/issuu.com\/MagazynCukrzyca\/docs\/cukrzyca_09_2011?mode=embed&#038;layout=http%3A%2F%2Fskin.issuu.com%2Fv%2Flight%2Flayout.xml&#038;showFlipBtn=true&#038;pageNumber=42\" target=\"_blank\" rel=\"noopener noreferrer\"><\/a><\/div>\n<\/div>\n<\/div>\n","protected":false},"excerpt":{"rendered":"<p><font size=\"2\">Oto &#8230;<\/p>\n","protected":false},"author":1,"featured_media":0,"comment_status":"open","ping_status":"open","sticky":false,"template":"","format":"standard","meta":{"footnotes":""},"categories":[97,909],"tags":[590,38],"_links":{"self":[{"href":"http:\/\/niecodziennosc.kubic.info\/index.php?rest_route=\/wp\/v2\/posts\/7844"}],"collection":[{"href":"http:\/\/niecodziennosc.kubic.info\/index.php?rest_route=\/wp\/v2\/posts"}],"about":[{"href":"http:\/\/niecodziennosc.kubic.info\/index.php?rest_route=\/wp\/v2\/types\/post"}],"author":[{"embeddable":true,"href":"http:\/\/niecodziennosc.kubic.info\/index.php?rest_route=\/wp\/v2\/users\/1"}],"replies":[{"embeddable":true,"href":"http:\/\/niecodziennosc.kubic.info\/index.php?rest_route=%2Fwp%2Fv2%2Fcomments&post=7844"}],"version-history":[{"count":1,"href":"http:\/\/niecodziennosc.kubic.info\/index.php?rest_route=\/wp\/v2\/posts\/7844\/revisions"}],"predecessor-version":[{"id":9054,"href":"http:\/\/niecodziennosc.kubic.info\/index.php?rest_route=\/wp\/v2\/posts\/7844\/revisions\/9054"}],"wp:attachment":[{"href":"http:\/\/niecodziennosc.kubic.info\/index.php?rest_route=%2Fwp%2Fv2%2Fmedia&parent=7844"}],"wp:term":[{"taxonomy":"category","embeddable":true,"href":"http:\/\/niecodziennosc.kubic.info\/index.php?rest_route=%2Fwp%2Fv2%2Fcategories&post=7844"},{"taxonomy":"post_tag","embeddable":true,"href":"http:\/\/niecodziennosc.kubic.info\/index.php?rest_route=%2Fwp%2Fv2%2Ftags&post=7844"}],"curies":[{"name":"wp","href":"https:\/\/api.w.org\/{rel}","templated":true}]}}