{"id":7849,"date":"2012-02-10T11:35:51","date_gmt":"2012-02-10T10:35:51","guid":{"rendered":"http:\/\/niecodziennosc.kubic.info\/index.php\/2012\/02\/10\/szalenstwo\/"},"modified":"2012-02-10T11:35:51","modified_gmt":"2012-02-10T10:35:51","slug":"szalenstwo","status":"publish","type":"post","link":"http:\/\/niecodziennosc.kubic.info\/?p=7849","title":{"rendered":"Szale\u0144stwo"},"content":{"rendered":"<p><font size=\"2\">Nie pisa\u0142em Wam i czuj\u0119 si\u0119 troch\u0119 jak zdrajca, bo o takich wydarzeniach powinienem pisa\u0107 przede wszystkim tutaj. Nie, nie urodzi\u0142o mi si\u0119 trzecie dziecko, niestety. Ale wczoraj wsp\u00f3lnie z wszystkimi ci\u0119\u017cko i szalenie pracuj\u0105cymi lud\u017ami otwierali\u015bmy Festiwal Sztuki Aktorskiej, a wraz z nim &#8211; kolejn\u0105 wystaw\u0119 moich zdj\u0119\u0107, na kt\u00f3rych, tym razem, teatralne role gra Ula Grabowska. <\/p>\n<p>Kr\u00f3tki zbi\u00f3r link\u00f3w, bo nie mam si\u0142y na wi\u0119cej. Dzi\u015b od rana choruj\u0119, ledwo trzymam si\u0119 na nogach. Ca\u0142e szcz\u0119\u015bcie, ze nie musz\u0119 jecha\u0107 do pracy&#8230;.<\/p>\n<p>Artyku\u0142 o wystawie:<br \/><a href=\"http:\/\/www.wiadomosci24.pl\/artykul\/fotografowac_w_teatrze_224839.html\">http:\/\/www.wiadomosci24.pl\/artykul\/fotografowac_w_teatrze_224839.html<\/a><\/p>\n<p>Inny artyku\u0142 o wystawie i moim fotografowaniu<br \/><a href=\"http:\/\/www.mmkrakow.pl\/402454\/2012\/2\/9\/piotr-kubic-o-swojej-wystawie-w-ramach-festiwalu-sztuki-aktorskiej-wywiad-zdjecia?category=kultura\">http:\/\/www.mmkrakow.pl\/402454\/2012\/2\/9\/piotr-kubic-o-swojej-wystawie-w-ramach-festiwalu-sztuki-aktorskiej-wywiad-zdjecia?category=kultura<\/a><\/p>\n<p>Jedno ze zdj\u0119\u0107 z wystawy:<a href=\"http:\/\/www.facebook.com\/photo.php?fbid=304806626239746&#038;set=a.151926388194438.48149.151910891529321&#038;type=1&#038;ref=nf\"><br \/>http:\/\/www.facebook.com\/photo.php?fbid=304806626239746&amp;set=a.151926388194438.48149.151910891529321&amp;type=1&amp;ref=nf<\/a><\/p>\n<p><\/font><\/p>\n","protected":false},"excerpt":{"rendered":"<p><font size=\"2\">Nie &#8230;<\/p>\n","protected":false},"author":1,"featured_media":0,"comment_status":"open","ping_status":"open","sticky":false,"template":"","format":"standard","meta":{"footnotes":""},"categories":[35],"tags":[339,532],"_links":{"self":[{"href":"http:\/\/niecodziennosc.kubic.info\/index.php?rest_route=\/wp\/v2\/posts\/7849"}],"collection":[{"href":"http:\/\/niecodziennosc.kubic.info\/index.php?rest_route=\/wp\/v2\/posts"}],"about":[{"href":"http:\/\/niecodziennosc.kubic.info\/index.php?rest_route=\/wp\/v2\/types\/post"}],"author":[{"embeddable":true,"href":"http:\/\/niecodziennosc.kubic.info\/index.php?rest_route=\/wp\/v2\/users\/1"}],"replies":[{"embeddable":true,"href":"http:\/\/niecodziennosc.kubic.info\/index.php?rest_route=%2Fwp%2Fv2%2Fcomments&post=7849"}],"version-history":[{"count":0,"href":"http:\/\/niecodziennosc.kubic.info\/index.php?rest_route=\/wp\/v2\/posts\/7849\/revisions"}],"wp:attachment":[{"href":"http:\/\/niecodziennosc.kubic.info\/index.php?rest_route=%2Fwp%2Fv2%2Fmedia&parent=7849"}],"wp:term":[{"taxonomy":"category","embeddable":true,"href":"http:\/\/niecodziennosc.kubic.info\/index.php?rest_route=%2Fwp%2Fv2%2Fcategories&post=7849"},{"taxonomy":"post_tag","embeddable":true,"href":"http:\/\/niecodziennosc.kubic.info\/index.php?rest_route=%2Fwp%2Fv2%2Ftags&post=7849"}],"curies":[{"name":"wp","href":"https:\/\/api.w.org\/{rel}","templated":true}]}}