{"id":7862,"date":"2012-01-08T23:42:15","date_gmt":"2012-01-08T22:42:15","guid":{"rendered":"http:\/\/niecodziennosc.kubic.info\/index.php\/2012\/01\/08\/wieczor-w-pracy\/"},"modified":"2012-01-08T23:42:15","modified_gmt":"2012-01-08T22:42:15","slug":"wieczor-w-pracy","status":"publish","type":"post","link":"http:\/\/niecodziennosc.kubic.info\/?p=7862","title":{"rendered":"Wiecz\u00f3r w pracy"},"content":{"rendered":"<p><font size=\"2\">Wiecz\u00f3r w realizatorce. Szerokie okno prowadzi na widowni\u0119. Jestem ostatnim widz\u0119, siedz\u0119 najdalej. Proste wyposa\u017cenie pomieszczenia &#8211; krzes\u0142o &#8211; a reszta, to sprz\u0119t audio. Mikser, odtwarzacze, kolumny ods\u0142uchowe. Pod pod\u0142og\u0105 &#8211; zestaw wzmacniaczy. Z pod\u0142ogi wychodzi p\u0119k kabli, wiele z nich jest wetkni\u0119tych w odpowiednie, \u015bci\u015ble okre\u015blone gniazda. Przychodz\u0105 z do\u0142u, ze sceny, przesy\u0142aj\u0105c sygna\u0142y. Ja nimi kieruj\u0119, reguluj\u0119, potem posy\u0142am do wzmacniaczy, a one, wzmacniaj\u0105c sygna\u0142 tysi\u0105ce razy, wysy\u0142aj\u0105 go po grubych kablach z powrotem na scen\u0119. <\/p>\n<p><img decoding=\"async\" border=\"0\" alt=\"\" src=\"wp-content\/uploads\/2019\/03\/piotr_MG_1807.jpg\" \/><\/p>\n<p>Spektaklu praktycznie nie ogl\u0105dam. Wystarczy sam d\u017awi\u0119k p\u0142yn\u0105cych s\u0142\u00f3w &#8211; kwestii wypowiadanych tam, w dole. To po nich dowiaduj\u0119 si\u0119 w jakim tempie dzisiaj idzie przedstawienie, w jakim nastroju s\u0105 arty\u015bci. Gdy nast\u0119puj\u0119 niespodziewana cisza albo nag\u0142a zmiana rytmu &#8211; wtedy podnosz\u0119 g\u0142ow\u0119, ciekawy tego, co niespodziewanie zasz\u0142o i dlaczego. To zupe\u0142nie inny \u015bwiat ni\u017c ten, kt\u00f3ry widzi i odczuwa widz. To dlatego, gdy kto\u015b mnie pyta, co polecam w moim teatrze, to do niedawna zupe\u0142nie nie wiedzia\u0142em, co powiedzie\u0107. Teraz wiem &#8211; mam przygotowane dwie, trzy wypowiedzi, standardowe. <\/p>\n<p>Przechodz\u0105c dzisiaj korytarzem, po spektaklu, wspomnia\u0142em czasy, w kt\u00f3rym mia\u0142 on dla mnie magi\u0119. Moje pierwsze przedstawienia pozostan\u0105 na zawsze w pami\u0119ci. I to, teatr szybciutko pustosza\u0142 po spektaklu, wszyscy uciekali z niego a\u017c si\u0119 kurzy\u0142o. A ja nie, bo m\u00f3j poci\u0105g odje\u017cd\u017ca\u0142 22:40. To mi zosta\u0142o do dzi\u015b &#8211; nie umiem si\u0119 spieszy\u0107&#8230;. Sk\u0142adam sprz\u0119t na scenie i s\u0142ucham, jak st\u0119kaj\u0105 stygn\u0105ce reflektory. <\/p>\n<p><\/font><\/p>\n","protected":false},"excerpt":{"rendered":"<p><font size=\"2\">Wiecz\u00f3r w&#8230;<\/p>\n","protected":false},"author":1,"featured_media":0,"comment_status":"open","ping_status":"open","sticky":false,"template":"","format":"standard","meta":{"footnotes":""},"categories":[57],"tags":[327],"_links":{"self":[{"href":"http:\/\/niecodziennosc.kubic.info\/index.php?rest_route=\/wp\/v2\/posts\/7862"}],"collection":[{"href":"http:\/\/niecodziennosc.kubic.info\/index.php?rest_route=\/wp\/v2\/posts"}],"about":[{"href":"http:\/\/niecodziennosc.kubic.info\/index.php?rest_route=\/wp\/v2\/types\/post"}],"author":[{"embeddable":true,"href":"http:\/\/niecodziennosc.kubic.info\/index.php?rest_route=\/wp\/v2\/users\/1"}],"replies":[{"embeddable":true,"href":"http:\/\/niecodziennosc.kubic.info\/index.php?rest_route=%2Fwp%2Fv2%2Fcomments&post=7862"}],"version-history":[{"count":0,"href":"http:\/\/niecodziennosc.kubic.info\/index.php?rest_route=\/wp\/v2\/posts\/7862\/revisions"}],"wp:attachment":[{"href":"http:\/\/niecodziennosc.kubic.info\/index.php?rest_route=%2Fwp%2Fv2%2Fmedia&parent=7862"}],"wp:term":[{"taxonomy":"category","embeddable":true,"href":"http:\/\/niecodziennosc.kubic.info\/index.php?rest_route=%2Fwp%2Fv2%2Fcategories&post=7862"},{"taxonomy":"post_tag","embeddable":true,"href":"http:\/\/niecodziennosc.kubic.info\/index.php?rest_route=%2Fwp%2Fv2%2Ftags&post=7862"}],"curies":[{"name":"wp","href":"https:\/\/api.w.org\/{rel}","templated":true}]}}