{"id":7868,"date":"2011-12-22T22:19:17","date_gmt":"2011-12-22T21:19:17","guid":{"rendered":"http:\/\/niecodziennosc.kubic.info\/index.php\/2011\/12\/22\/snieg-pamietam\/"},"modified":"2011-12-22T22:19:17","modified_gmt":"2011-12-22T21:19:17","slug":"snieg-pamietam","status":"publish","type":"post","link":"http:\/\/niecodziennosc.kubic.info\/?p=7868","title":{"rendered":"\u015anieg pami\u0119tam"},"content":{"rendered":"<p><font size=\"2\">Przyszed\u0142 \u015bnieg, a wraz z nim to uczucie, kt\u00f3re pochodzi z pewno\u015bci\u0105 z lat dzieci\u0144stwa, ale nie wiem dok\u0142adnie, z kt\u00f3rego momentu. Nie mam nic wyra\u017anego, \u017cadnych szczeg\u00f3lnych obraz\u00f3w, s\u0142\u00f3w czy zdarze\u0144. Tylko to &#8211; wraz ze \u015bniegiem nadchodzi <span style=\"font-style: italic;\">co\u015b<\/span>, jak nowa epoka, cho\u0107 skryta i nienazwana, ale nikt nie ma w\u0105tpliwo\u015bci, \u017ce jest. Patrz\u0119 za okno tam, gdzie kiedy\u015b by\u0142 stromy dach kryty dach\u00f3wk\u0105, dzisiaj otwiera si\u0119 przestrze\u0144 na ogr\u00f3d, kt\u00f3rego wysokie, grube i spl\u0105tane w konarach drzewa owocowe, takich ju\u017c nikt nie sadzi, stoj\u0105 w dw\u00f3ch rz\u0119dach, prowadz\u0105cych w stron\u0119 cmentarnego muru, o kt\u00f3rym tylko wiem, \u017ce tam jest. W nocy, jak teraz, odrobina \u015bwiat\u0142a niesie si\u0119 przez biel i mam ochot\u0119 powiedzie\u0107, \u017ce ten widok jest boski. Ale tego nie powiem, nauczono mnie, i s\u0142usznie, nie kojarzy\u0107 tego s\u0142owa z takimi sobie wra\u017ceniami. <\/p>\n<p>Dlaczego ten widok chcia\u0142bym obj\u0105\u0107 i u\u015bciska\u0107? Chyba tylko dlatego, \u017ce wytrawi\u0142 si\u0119 we mnie jak matryca litografu. Nie wybiera\u0142em go, nie jest ciekawy ani pi\u0119kny. Co w nim szczeg\u00f3lne to tylko to, \u017ce go pami\u0119tam.<br \/><\/font><\/p>\n","protected":false},"excerpt":{"rendered":"<p><font size=\"2\">Przyszed\u0142&#8230;<\/p>\n","protected":false},"author":1,"featured_media":0,"comment_status":"open","ping_status":"open","sticky":false,"template":"","format":"standard","meta":{"footnotes":""},"categories":[27],"tags":[324,887,269,635],"_links":{"self":[{"href":"http:\/\/niecodziennosc.kubic.info\/index.php?rest_route=\/wp\/v2\/posts\/7868"}],"collection":[{"href":"http:\/\/niecodziennosc.kubic.info\/index.php?rest_route=\/wp\/v2\/posts"}],"about":[{"href":"http:\/\/niecodziennosc.kubic.info\/index.php?rest_route=\/wp\/v2\/types\/post"}],"author":[{"embeddable":true,"href":"http:\/\/niecodziennosc.kubic.info\/index.php?rest_route=\/wp\/v2\/users\/1"}],"replies":[{"embeddable":true,"href":"http:\/\/niecodziennosc.kubic.info\/index.php?rest_route=%2Fwp%2Fv2%2Fcomments&post=7868"}],"version-history":[{"count":0,"href":"http:\/\/niecodziennosc.kubic.info\/index.php?rest_route=\/wp\/v2\/posts\/7868\/revisions"}],"wp:attachment":[{"href":"http:\/\/niecodziennosc.kubic.info\/index.php?rest_route=%2Fwp%2Fv2%2Fmedia&parent=7868"}],"wp:term":[{"taxonomy":"category","embeddable":true,"href":"http:\/\/niecodziennosc.kubic.info\/index.php?rest_route=%2Fwp%2Fv2%2Fcategories&post=7868"},{"taxonomy":"post_tag","embeddable":true,"href":"http:\/\/niecodziennosc.kubic.info\/index.php?rest_route=%2Fwp%2Fv2%2Ftags&post=7868"}],"curies":[{"name":"wp","href":"https:\/\/api.w.org\/{rel}","templated":true}]}}