{"id":7871,"date":"2011-12-19T00:50:46","date_gmt":"2011-12-18T23:50:46","guid":{"rendered":"http:\/\/niecodziennosc.kubic.info\/index.php\/2011\/12\/19\/o-koncercie-i-fotografowaniu\/"},"modified":"2011-12-19T00:50:46","modified_gmt":"2011-12-18T23:50:46","slug":"o-koncercie-i-fotografowaniu","status":"publish","type":"post","link":"http:\/\/niecodziennosc.kubic.info\/?p=7871","title":{"rendered":"O koncercie i fotografowaniu"},"content":{"rendered":"<p><font size=\"2\">Wczoraj by\u0142em z c\u00f3rk\u0105 na koncercie w naszym miasteczku. C\u00f3rka wraz z reszt\u0105 przedszkola \u015bpiewa\u0142a co\u015b, ja zrobi\u0142em troch\u0119 zdj\u0119\u0107. Przyznam si\u0119 Wam, \u017ce mam ma\u0142\u0105 satysfakcj\u0119 patrz\u0105c na innych fotograf\u00f3w, kt\u00f3rzy czekaj\u0105 na rozpocz\u0119cie imprezy. Chc\u0105 fotografowa\u0107 to, co si\u0119 b\u0119dzie dzia\u0142o na scenie. Mam satysfakcj\u0119, bo kiedy oni stoj\u0105 jak ko\u0142ki przed imprez\u0105, ja ju\u017c si\u0119 uwijam i fotografuj\u0119 &#8211; przygotowuj\u0105ce si\u0119 dzieci wraz rodzicami, wchodz\u0105cych i zajmuj\u0105cych miejsca go\u015bci, zastawione sto\u0142y na foyer. Dostaj\u0119 ca\u0142\u0105 gam\u0119 r\u00f3\u017cnorodnych portret\u00f3w ludzi, kt\u00f3rzy s\u0105 &quot;w akcji&quot; &#8211; zaaferowani, zatroskani, rado\u015bni, zdezorientowani, zamy\u015bleni. W dodatku mam ich na wyci\u0105gni\u0119cie r\u0119ki. <\/p>\n<p><img decoding=\"async\" src=\"http:\/\/patrz.kubic.info\/wp-content\/uploads\/2011\/12\/Konc-char098.jpg\" \/><\/p>\n<p>Natomiast sam koncert jest w naszym domu kultury trudny to fotografowania. A to dlatego, \u017ce scena jest umieszczona do\u015b\u0107 nieszcz\u0119\u015bliwie (no ale w ko\u0144cu jest to kino). Jest ona zbyt wysoka, by fotografowa\u0107 j\u0105 z parteru. S\u0105 dwa najlepsze miejsca &#8211; z pierwszego balkonu, ale trzeba mie\u0107 d\u0142ugi obiektyw, albo nale\u017cy wyj\u015b\u0107 na scen\u0119 i\u00a0 strzela\u0107 z boku. Lecz tu pojawia si\u0119 taka trudno\u015b\u0107, \u017ce kulisy nie s\u0105 dobrze wyciemnione ani okotarowane, wida\u0107 tam jakie\u015b siatki, stojaki i tak dalej. Za\u015b w obu przypadkach przeszkadzaj\u0105 statywy mikrofonowe, stoj\u0105ce na froncie sceny. Nawet je\u015bli wyst\u0119puje zesp\u00f3\u0142 taneczny, kt\u00f3remu nie s\u0105 potrzebne mikrofony, nikt nie zadaje sobie trudu, aby odstawi\u0107 statywy. Sama scena te\u017c nie jest o\u015bwietlona przebojowo. Tak wi\u0119c zdj\u0119cia z koncertu wychodz\u0105 kiepsko. Natomiast zdj\u0119cia spoza sceny &#8211; <a href=\"http:\/\/kubic.info\/galerie\/dzieci\/2011-12konc\/\">zobaczcie sami<\/a>. Acha &#8211; jeszcze kilka s\u0142\u00f3w refleksji na <a href=\"http:\/\/patrz.kubic.info\/index.php\/2011\/12\/z-koncertu\/\">fotoblogu<\/a>. Przy okazji &#8211; kilka godzin sp\u0119dzi\u0142em nad zmian\u0105 jego szaty graficznej, my\u015bl\u0119, \u017ce jest lepiej&#8230;..<\/p>\n<p>Jutro poniedzia\u0142ek, \u017cycz\u0119 powodzenia na nowy tydzie\u0144 \u017cycia&#8230; \ud83d\ude42<br \/><\/font><\/p>\n","protected":false},"excerpt":{"rendered":"<p><font size=\"2\">Wczoraj &#8230;<\/p>\n","protected":false},"author":1,"featured_media":0,"comment_status":"open","ping_status":"open","sticky":false,"template":"","format":"standard","meta":{"footnotes":""},"categories":[50],"tags":[339],"_links":{"self":[{"href":"http:\/\/niecodziennosc.kubic.info\/index.php?rest_route=\/wp\/v2\/posts\/7871"}],"collection":[{"href":"http:\/\/niecodziennosc.kubic.info\/index.php?rest_route=\/wp\/v2\/posts"}],"about":[{"href":"http:\/\/niecodziennosc.kubic.info\/index.php?rest_route=\/wp\/v2\/types\/post"}],"author":[{"embeddable":true,"href":"http:\/\/niecodziennosc.kubic.info\/index.php?rest_route=\/wp\/v2\/users\/1"}],"replies":[{"embeddable":true,"href":"http:\/\/niecodziennosc.kubic.info\/index.php?rest_route=%2Fwp%2Fv2%2Fcomments&post=7871"}],"version-history":[{"count":0,"href":"http:\/\/niecodziennosc.kubic.info\/index.php?rest_route=\/wp\/v2\/posts\/7871\/revisions"}],"wp:attachment":[{"href":"http:\/\/niecodziennosc.kubic.info\/index.php?rest_route=%2Fwp%2Fv2%2Fmedia&parent=7871"}],"wp:term":[{"taxonomy":"category","embeddable":true,"href":"http:\/\/niecodziennosc.kubic.info\/index.php?rest_route=%2Fwp%2Fv2%2Fcategories&post=7871"},{"taxonomy":"post_tag","embeddable":true,"href":"http:\/\/niecodziennosc.kubic.info\/index.php?rest_route=%2Fwp%2Fv2%2Ftags&post=7871"}],"curies":[{"name":"wp","href":"https:\/\/api.w.org\/{rel}","templated":true}]}}