{"id":7878,"date":"2011-12-06T01:31:15","date_gmt":"2011-12-06T00:31:15","guid":{"rendered":"http:\/\/niecodziennosc.kubic.info\/index.php\/2011\/12\/06\/rozmowa-z-antykwariatu\/"},"modified":"2011-12-06T01:31:15","modified_gmt":"2011-12-06T00:31:15","slug":"rozmowa-z-antykwariatu","status":"publish","type":"post","link":"http:\/\/niecodziennosc.kubic.info\/?p=7878","title":{"rendered":"Rozmowa z antykwariatu"},"content":{"rendered":"<p><font size=\"2\">Jad\u0119 do pracy busem, zamiast samochodem po to, aby zaoszcz\u0119dzi\u0107. Kwota oszcz\u0119dno\u015bci jest ca\u0142kiem niez\u0142a, si\u0119ga 20 z\u0142 dziennie. Dodatkowo &#8211; bior\u0105c ze sob\u0105 obiad z domu, pozostawiam w portfelu 10-15 z\u0142otych. C\u00f3\u017c z tego, kiedy piesza droga z dworca autobusowego wiedzie obok antykwariatu i czasem owe oszcz\u0119dno\u015bci przek\u0142adaj\u0105 si\u0119 na papier, tyle, \u017ce zadrukowany. Ostatnio sta\u0142em si\u0119 posiadaczem pozycji <span style=\"font-style: italic;\">Jak by to powiedzie\u0107&#8230; Rozmowy z Krystianem Lup\u0105<\/span>. Pozostaj\u0119 bowiem wierny zasadzie, \u017ce wi\u0119cej wnosz\u0105 s\u0142owa samego tw\u00f3rcy ni\u017c dwudziestu krytyk\u00f3w o nim pisz\u0105cych.<\/p>\n<p>Czytam, lecz nie tylko ja, ale i Ioana. Zagadn\u0105\u0142em j\u0105 dzisiaj: &quot;czy rozm\u00f3wczyni Krystiana Lupy ciebie nie denerwuje?&quot; Gdy\u017c nie by\u0142em pewny, czy moje wra\u017cenia s\u0105 mo\u017ce moim urojeniem, kt\u00f3re \u0142atwo kto\u015b m\u00f3g\u0142by zakwalifikowa\u0107 jako m\u0119ski szowinizm. Ale moja dziewczyna potwierdza. <\/p>\n<p>Sk\u0105d ta lekka irytacja? Widz\u0105c, \u017ce rozm\u00f3wc\u00f3w dzieli dystans wra\u017cliwo\u015bci, subtelno\u015bci i bogactwa wewn\u0119trznego \u015bwiata, ma si\u0119 wra\u017cenie, \u017ce prowadz\u0105ca rozmow\u0119 zachowuje si\u0119, jakby by\u0142a tego nie\u015bwiadoma. Jej wtr\u0105cenia, sugestie, przed\u0142u\u017cenie my\u015bli zbyt cz\u0119sto nie trafiaj\u0105, rozbijaj\u0105c tok my\u015blenia re\u017cysera (o kt\u00f3ry przecie\u017c tu chodzi), dodatkowo &#8211; s\u0105 czynione ze swad\u0105 i pewno\u015bci\u0105. A ju\u017c znamiennie prosto i osobi\u015bcie brzmi wypomnienie: &quot;Kiedy\u015b powiedzia\u0142am, cho\u0107 nie wprost, \u017ce potrzebuj\u0119 rozmowy z tob\u0105. Jeste\u015b niezwykle spostrzegawczy, ale nie podj\u0105\u0142e\u015b tematu&quot;. A wcze\u015bniej &quot;&#8230; m\u00f3wi\u0119 uczciwie &#8211; gdybym potrzebowa\u0142a pomocy, nie liczy\u0142abym na ciebie&quot;. Och&#8230; Re\u017cyser objawia swoj\u0105 klas\u0119 w prowadzeniu rozmowy i sam nadmienia o swoim egocentryzmie. Szacun.<\/p>\n<p>Nie gloryfikuj\u0105c zb\u0119dnie mo\u017cna powiedzie\u0107, \u017ce to jest tak sympatyczne i po prostu&#8230; fajne. <br \/><\/font><\/p>\n","protected":false},"excerpt":{"rendered":"<p><font size=\"2\">Jad\u0119 do &#8230;<\/p>\n","protected":false},"author":1,"featured_media":0,"comment_status":"open","ping_status":"open","sticky":false,"template":"","format":"standard","meta":{"footnotes":""},"categories":[50],"tags":[],"_links":{"self":[{"href":"http:\/\/niecodziennosc.kubic.info\/index.php?rest_route=\/wp\/v2\/posts\/7878"}],"collection":[{"href":"http:\/\/niecodziennosc.kubic.info\/index.php?rest_route=\/wp\/v2\/posts"}],"about":[{"href":"http:\/\/niecodziennosc.kubic.info\/index.php?rest_route=\/wp\/v2\/types\/post"}],"author":[{"embeddable":true,"href":"http:\/\/niecodziennosc.kubic.info\/index.php?rest_route=\/wp\/v2\/users\/1"}],"replies":[{"embeddable":true,"href":"http:\/\/niecodziennosc.kubic.info\/index.php?rest_route=%2Fwp%2Fv2%2Fcomments&post=7878"}],"version-history":[{"count":0,"href":"http:\/\/niecodziennosc.kubic.info\/index.php?rest_route=\/wp\/v2\/posts\/7878\/revisions"}],"wp:attachment":[{"href":"http:\/\/niecodziennosc.kubic.info\/index.php?rest_route=%2Fwp%2Fv2%2Fmedia&parent=7878"}],"wp:term":[{"taxonomy":"category","embeddable":true,"href":"http:\/\/niecodziennosc.kubic.info\/index.php?rest_route=%2Fwp%2Fv2%2Fcategories&post=7878"},{"taxonomy":"post_tag","embeddable":true,"href":"http:\/\/niecodziennosc.kubic.info\/index.php?rest_route=%2Fwp%2Fv2%2Ftags&post=7878"}],"curies":[{"name":"wp","href":"https:\/\/api.w.org\/{rel}","templated":true}]}}