{"id":7883,"date":"2011-11-21T01:13:32","date_gmt":"2011-11-21T00:13:32","guid":{"rendered":"http:\/\/niecodziennosc.kubic.info\/index.php\/2011\/11\/21\/mija\/"},"modified":"2011-11-21T01:13:32","modified_gmt":"2011-11-21T00:13:32","slug":"mija","status":"publish","type":"post","link":"http:\/\/niecodziennosc.kubic.info\/?p=7883","title":{"rendered":"Mija"},"content":{"rendered":"<p><font size=\"2\">czas. Banalnie by\u0142oby powiedzie\u0107, \u017ce mi\u0142o jest by\u0107 z rodzin\u0105. A mo\u017ce &#8211; to nie jest banalne w dzisiejszych czasach&#8230;?<\/p>\n<p><img decoding=\"async\" border=\"0\" alt=\"\" src=\"wp-content\/uploads\/2019\/03\/sara_MG_8684.jpg\" \/><\/p>\n<p>Sobota. C\u00f3rka po zaj\u0119ciach baletu. Nie pozwolono mi zrobi\u0107 jej zdj\u0119cia na sali, tej do \u0107wicze\u0144, z lustrami. Mo\u017ce za ma\u0142o si\u0119 upiera\u0142em. W og\u00f3le si\u0119 nie upiera\u0142em, ale to by\u0142a sobota, da\u0142em na wstrzymanie. A Sara na schodach te\u017c wygl\u0105da \u0142adnie, prawda?<\/p>\n<p><\/font><\/p>\n","protected":false},"excerpt":{"rendered":"<p><font size=\"2\">czas. &#8230;<\/p>\n","protected":false},"author":1,"featured_media":0,"comment_status":"open","ping_status":"open","sticky":false,"template":"","format":"standard","meta":{"footnotes":""},"categories":[469],"tags":[373],"_links":{"self":[{"href":"http:\/\/niecodziennosc.kubic.info\/index.php?rest_route=\/wp\/v2\/posts\/7883"}],"collection":[{"href":"http:\/\/niecodziennosc.kubic.info\/index.php?rest_route=\/wp\/v2\/posts"}],"about":[{"href":"http:\/\/niecodziennosc.kubic.info\/index.php?rest_route=\/wp\/v2\/types\/post"}],"author":[{"embeddable":true,"href":"http:\/\/niecodziennosc.kubic.info\/index.php?rest_route=\/wp\/v2\/users\/1"}],"replies":[{"embeddable":true,"href":"http:\/\/niecodziennosc.kubic.info\/index.php?rest_route=%2Fwp%2Fv2%2Fcomments&post=7883"}],"version-history":[{"count":0,"href":"http:\/\/niecodziennosc.kubic.info\/index.php?rest_route=\/wp\/v2\/posts\/7883\/revisions"}],"wp:attachment":[{"href":"http:\/\/niecodziennosc.kubic.info\/index.php?rest_route=%2Fwp%2Fv2%2Fmedia&parent=7883"}],"wp:term":[{"taxonomy":"category","embeddable":true,"href":"http:\/\/niecodziennosc.kubic.info\/index.php?rest_route=%2Fwp%2Fv2%2Fcategories&post=7883"},{"taxonomy":"post_tag","embeddable":true,"href":"http:\/\/niecodziennosc.kubic.info\/index.php?rest_route=%2Fwp%2Fv2%2Ftags&post=7883"}],"curies":[{"name":"wp","href":"https:\/\/api.w.org\/{rel}","templated":true}]}}